{"id":35547,"date":"2024-10-28T06:02:47","date_gmt":"2024-10-28T05:02:47","guid":{"rendered":"https:\/\/www.lintelligentdabidjan.info\/news\/?p=35547"},"modified":"2024-10-28T06:03:14","modified_gmt":"2024-10-28T05:03:14","slug":"lintelligent-en-pdf-depuis-bordeaux-charles-ble-goude-tranche-entre-la-france-et-la-russie-voici-mon-choix","status":"publish","type":"post","link":"https:\/\/www.lintelligentdabidjan.info\/news\/lintelligent-en-pdf-depuis-bordeaux-charles-ble-goude-tranche-entre-la-france-et-la-russie-voici-mon-choix\/","title":{"rendered":"L&#8217;Intelligent en PDF:      Depuis Bordeaux, Charles Bl\u00e9 Goud\u00e9 tranche : \u00ab Entre la France et la Russie, voici mon choix&#8221;"},"content":{"rendered":"<p><strong>Le 26 octobre 2024, Bordeaux a accueilli une conf\u00e9rence anim\u00e9e par Charles Bl\u00e9 Goud\u00e9, pr\u00e9sident du Congr\u00e8s Panafricain pour la Justice et l&#8217;\u00c9galit\u00e9 des Peuples (COJEP). Intitul\u00e9e \u00ab Relations Nord-Sud : enjeux et d\u00e9fis pour les g\u00e9n\u00e9rations futures \u00bb, cette rencontre a r\u00e9uni un public compos\u00e9 de membres des diasporas africaines vivant dans la ville et sa r\u00e9gion, au 20 rue Ch\u00e2teauneuf \u00e0 Bordeaux. \u00c0 cette occasion, Charles Bl\u00e9 Goud\u00e9 a exprim\u00e9 son choix entre la France et la Russie. Qu&#8217;est ce que Bl\u00e9 Goud\u00e9 a dit? <\/strong><\/p>\n<p><strong>Article \u00e0 d\u00e9couvrir dans vos kiosques et en ligne sur<\/strong><\/p>\n<p><a href=\"https:\/\/news.abidjan.net\/titrologie\/39-lintelligent-dabidjan\/articles\" target=\"_blank\">https:\/\/news.abidjan.net\/titrologie\/39-lintelligent-dabidjan\/articles<\/a><\/p>\n<p>\u00c0 lire \u00e9galement le t\u00e9moignage de Loukou Jean Romaric, vitrier \u00e0 Sakassou sur l&#8217;impact de l&#8217;Agence Emploi Jeunes dans la r\u00e9ussite de ses projets, l&#8217;appel du Pr\u00e9sident de la CEI \u00e0 ceux qui jettent le discr\u00e9dit sur la liste \u00e9lectorale, Bruno Kon\u00e9 et 345 sections du RHDP en ordre de bataille dans le cadre de la RLE 2024 dans la Bagou\u00e9, cap sur la dynamisation des industries culturelles lors de la r\u00e9union des Ministres de la Culture de l\u2019UEMOA \u00e0 Ouaga, le compte rendu de la tourn\u00e9e d&#8217;Adje Silas METCH \u00e0 Dabou et l&#8217;\u00e9ditorial sur le discr\u00e9dit de la liste \u00e9lectorale.<\/p>\n<p>Cliquez pour les d\u00e9tails<\/p>\n<p><a href=\"https:\/\/www.afrikipresse.fr\/abonnement\" target=\"_blank\">https:\/\/www.afrikipresse.fr\/abonnement<\/a><\/p>\n<p>\u00c0 voir aussi l&#8217;annonce du Forum de la Diaspora Ivoirienne o\u00f9 2500 participants sont attendus.<\/p>\n<p><a href=\"https:\/\/www.pressecotedivoire.ci\/titrologie\" target=\"_blank\">https:\/\/www.pressecotedivoire.ci\/titrologie<\/a><\/p>\n","protected":false},"excerpt":{"rendered":"<p>Le 26 octobre 2024, Bordeaux a accueilli une conf\u00e9rence anim\u00e9e par Charles Bl\u00e9 Goud\u00e9, pr\u00e9sident du Congr\u00e8s Panafricain pour la Justice et l&#8217;\u00c9galit\u00e9 des Peuples (COJEP). Intitul\u00e9e \u00ab Relations Nord-Sud : enjeux et d\u00e9fis pour les g\u00e9n\u00e9rations futures \u00bb, cette rencontre a r\u00e9uni un public compos\u00e9 de membres des diasporas africaines vivant dans la ville [&hellip;]<\/p>\n","protected":false},"author":4,"featured_media":35548,"comment_status":"closed","ping_status":"closed","sticky":false,"template":"","format":"standard","meta":{"_monsterinsights_skip_tracking":false,"_monsterinsights_sitenote_active":false,"_monsterinsights_sitenote_note":"","_monsterinsights_sitenote_category":0,"footnotes":""},"categories":[2,3],"tags":[],"class_list":["post-35547","post","type-post","status-publish","format-standard","has-post-thumbnail","hentry","category-featured","category-societe"],"_links":{"self":[{"href":"https:\/\/www.lintelligentdabidjan.info\/news\/wp-json\/wp\/v2\/posts\/35547","targetHints":{"allow":["GET"]}}],"collection":[{"href":"https:\/\/www.lintelligentdabidjan.info\/news\/wp-json\/wp\/v2\/posts"}],"about":[{"href":"https:\/\/www.lintelligentdabidjan.info\/news\/wp-json\/wp\/v2\/types\/post"}],"author":[{"embeddable":true,"href":"https:\/\/www.lintelligentdabidjan.info\/news\/wp-json\/wp\/v2\/users\/4"}],"replies":[{"embeddable":true,"href":"https:\/\/www.lintelligentdabidjan.info\/news\/wp-json\/wp\/v2\/comments?post=35547"}],"version-history":[{"count":1,"href":"https:\/\/www.lintelligentdabidjan.info\/news\/wp-json\/wp\/v2\/posts\/35547\/revisions"}],"predecessor-version":[{"id":35549,"href":"https:\/\/www.lintelligentdabidjan.info\/news\/wp-json\/wp\/v2\/posts\/35547\/revisions\/35549"}],"wp:featuredmedia":[{"embeddable":true,"href":"https:\/\/www.lintelligentdabidjan.info\/news\/wp-json\/wp\/v2\/media\/35548"}],"wp:attachment":[{"href":"https:\/\/www.lintelligentdabidjan.info\/news\/wp-json\/wp\/v2\/media?parent=35547"}],"wp:term":[{"taxonomy":"category","embeddable":true,"href":"https:\/\/www.lintelligentdabidjan.info\/news\/wp-json\/wp\/v2\/categories?post=35547"},{"taxonomy":"post_tag","embeddable":true,"href":"https:\/\/www.lintelligentdabidjan.info\/news\/wp-json\/wp\/v2\/tags?post=35547"}],"curies":[{"name":"wp","href":"https:\/\/api.w.org\/{rel}","templated":true}]}}