{"id":35562,"date":"2024-10-29T06:04:40","date_gmt":"2024-10-29T05:04:40","guid":{"rendered":"https:\/\/www.lintelligentdabidjan.info\/news\/?p=35562"},"modified":"2024-10-29T06:09:09","modified_gmt":"2024-10-29T05:09:09","slug":"lintelligent-en-pdf-collectivites-locales-tiemoko-kone-livre-des-cles-pour-une-meilleure-gouvernance-financiere","status":"publish","type":"post","link":"https:\/\/www.lintelligentdabidjan.info\/news\/lintelligent-en-pdf-collectivites-locales-tiemoko-kone-livre-des-cles-pour-une-meilleure-gouvernance-financiere\/","title":{"rendered":"L&#8217;Intelligent en PDF:     Collectivit\u00e9s locales  Ti\u00e9moko Kon\u00e9 livre des cl\u00e9s pour une meilleure gouvernance financi\u00e8re"},"content":{"rendered":"<p><strong>Ti\u00e9moko Kon\u00e9 livre des cl\u00e9s pour une meilleure gouvernance financi\u00e8re au niveau des collectivit\u00e9s locales. <\/strong><\/p>\n<p>\u00c0 Yamoussoukro, un s\u00e9minaire essentiel pour les \u00e9lus locaux s&#8217;est ouvert ce lundi 27 octobre 2024. Organis\u00e9 par la Cour des comptes en collaboration avec la Direction G\u00e9n\u00e9rale de la D\u00e9centralisation, cet \u00e9v\u00e9nement vise \u00e0 renforcer les comp\u00e9tences des \u00e9lus dans la gestion des finances publiques. Ouvert par le vice-pr\u00e9sident de la R\u00e9publique, Ti\u00e9moko Meyliet Kon\u00e9, ce s\u00e9minaire illustre l&#8217;engagement de l&#8217;\u00c9tat en faveur d&#8217;une d\u00e9centralisation efficace et transparente. Qu&#8217;est ce que Ti\u00e9moko Kon\u00e9 a dit \u00e0 cette occasion?<\/p>\n<p>Article \u00e0 d\u00e9couvrir en ligne sur&#8230;<\/p>\n<p><a href=\"https:\/\/news.abidjan.net\/titrologie\/39-lintelligent-dabidjan\/articles\" target=\"_blank\">https:\/\/news.abidjan.net\/titrologie\/39-lintelligent-dabidjan\/articles<\/a><\/p>\n<p>\u00c0 lire aussi l&#8217;appel de Beugr\u00e9 Mamb\u00e9 aux producteurs de l&#8217;h\u00e9v\u00e9a, l&#8217;hommage de Olomid\u00e9 aux actions de Dominique Ouattara en faveur de la M\u00e8re et enfants, la strat\u00e9gie de Boa Anderson pour l&#8217;expansion de ses activit\u00e9s de Botro \u00e0 B\u00e9oumi avec l\u2019Agence Emploi Jeunes, Mamadou Tour\u00e9 en campagne pour mobiliser des jeunes dans le cadre de la RLE 2024, la d\u00e9nonciation par Katinan de l&#8217;absence de Gbagbo de la liste \u00e9lectorale;<\/p>\n<p>Cliquez pour les d\u00e9tails<\/p>\n<p><a href=\"https:\/\/www.afrikipresse.fr\/abonnement\" target=\"_blank\">https:\/\/www.afrikipresse.fr\/abonnement<\/a><\/p>\n<p>\u00c0 voir aussi ce que Jean-Marc Yac\u00e9 et Ali Diomand\u00e9 ont dit de la suspension des activit\u00e9s de la F\u00e9d\u00e9ration ivoirienne de Taekwondo.<\/p>\n<p><a href=\"https:\/\/www.pressecotedivoire.ci\/titrologie\" target=\"_blank\">https:\/\/www.pressecotedivoire.ci\/titrologie<\/a><\/p>\n","protected":false},"excerpt":{"rendered":"<p>Ti\u00e9moko Kon\u00e9 livre des cl\u00e9s pour une meilleure gouvernance financi\u00e8re au niveau des collectivit\u00e9s locales. \u00c0 Yamoussoukro, un s\u00e9minaire essentiel pour les \u00e9lus locaux s&#8217;est ouvert ce lundi 27 octobre 2024. Organis\u00e9 par la Cour des comptes en collaboration avec la Direction G\u00e9n\u00e9rale de la D\u00e9centralisation, cet \u00e9v\u00e9nement vise \u00e0 renforcer les comp\u00e9tences des \u00e9lus [&hellip;]<\/p>\n","protected":false},"author":4,"featured_media":35563,"comment_status":"closed","ping_status":"closed","sticky":false,"template":"","format":"standard","meta":{"_monsterinsights_skip_tracking":false,"_monsterinsights_sitenote_active":false,"_monsterinsights_sitenote_note":"","_monsterinsights_sitenote_category":0,"footnotes":""},"categories":[2,3],"tags":[],"class_list":["post-35562","post","type-post","status-publish","format-standard","has-post-thumbnail","hentry","category-featured","category-societe"],"_links":{"self":[{"href":"https:\/\/www.lintelligentdabidjan.info\/news\/wp-json\/wp\/v2\/posts\/35562","targetHints":{"allow":["GET"]}}],"collection":[{"href":"https:\/\/www.lintelligentdabidjan.info\/news\/wp-json\/wp\/v2\/posts"}],"about":[{"href":"https:\/\/www.lintelligentdabidjan.info\/news\/wp-json\/wp\/v2\/types\/post"}],"author":[{"embeddable":true,"href":"https:\/\/www.lintelligentdabidjan.info\/news\/wp-json\/wp\/v2\/users\/4"}],"replies":[{"embeddable":true,"href":"https:\/\/www.lintelligentdabidjan.info\/news\/wp-json\/wp\/v2\/comments?post=35562"}],"version-history":[{"count":1,"href":"https:\/\/www.lintelligentdabidjan.info\/news\/wp-json\/wp\/v2\/posts\/35562\/revisions"}],"predecessor-version":[{"id":35564,"href":"https:\/\/www.lintelligentdabidjan.info\/news\/wp-json\/wp\/v2\/posts\/35562\/revisions\/35564"}],"wp:featuredmedia":[{"embeddable":true,"href":"https:\/\/www.lintelligentdabidjan.info\/news\/wp-json\/wp\/v2\/media\/35563"}],"wp:attachment":[{"href":"https:\/\/www.lintelligentdabidjan.info\/news\/wp-json\/wp\/v2\/media?parent=35562"}],"wp:term":[{"taxonomy":"category","embeddable":true,"href":"https:\/\/www.lintelligentdabidjan.info\/news\/wp-json\/wp\/v2\/categories?post=35562"},{"taxonomy":"post_tag","embeddable":true,"href":"https:\/\/www.lintelligentdabidjan.info\/news\/wp-json\/wp\/v2\/tags?post=35562"}],"curies":[{"name":"wp","href":"https:\/\/api.w.org\/{rel}","templated":true}]}}