{"id":35565,"date":"2024-10-30T04:07:12","date_gmt":"2024-10-30T03:07:12","guid":{"rendered":"https:\/\/www.lintelligentdabidjan.info\/news\/?p=35565"},"modified":"2024-10-30T04:07:16","modified_gmt":"2024-10-30T03:07:16","slug":"candidat-a-la-presidence-de-la-jfpi-affele-dago-devoile-ses-ambitions-depuis-agboville","status":"publish","type":"post","link":"https:\/\/www.lintelligentdabidjan.info\/news\/candidat-a-la-presidence-de-la-jfpi-affele-dago-devoile-ses-ambitions-depuis-agboville\/","title":{"rendered":"Candidat \u00e0 la pr\u00e9sidence de la JFPI-Aff\u00e9l\u00e9  Dago  d\u00e9voile ses ambitions depuis Agboville"},"content":{"rendered":"<p><em><strong>Aff\u00e9l\u00e9  Dago, candidat \u00e0 la  pr\u00e9sidence de la JFPI, a d\u00e9voil\u00e9 ses ambitions depuis Agboville.    <\/strong><\/em><\/p>\n<p>\u00c0 l&#8217;approche de l\u2019\u00e9lection du pr\u00e9sident des jeunes du Front populaire ivoirien (Fpi)pr\u00e9vue les 8 et 9 novembre 2024, lors du Congr\u00e8s du parti  \u00e0 Yamoussoukro, le candidat Aff\u00e9l\u00e9 Dago Paul a lanc\u00e9 sa campagne le dimanche 27 octobre 2024 \u00e0 Agboville.<\/p>\n<p>Il a profit\u00e9 de cette aubaine pour pr\u00e9senter \u00e0 la jeunesse de cette localit\u00e9 ses atouts et son programme s\u2019il est \u00e9lu pendant le congr\u00e8s   \u00ab j&#8217;ai adh\u00e9r\u00e9 officiellement au FPI en 2014, une p\u00e9riode tr\u00e8s chaude o\u00f9 afficher son ob\u00e9dience politique FPI dirig\u00e9 par le pr\u00e9sident Pascal Affi N&#8217;guessan \u00e9tait tr\u00e8s probl\u00e9matique sur le campus de cocody. Je l&#8217;ai fait. Je suis candidat car je suis l\u00e9gitime.<\/p>\n<p> J&#8217;ai affront\u00e9 toutes les intemp\u00e9ries de cette p\u00e9riode. Nomm\u00e9 secr\u00e9taire g\u00e9n\u00e9ral de la JFPI pour la section Science politique en 2015, j&#8217;ai travaill\u00e9 pendant cinq ans avec notre a\u00een\u00e9, le camarade Konat\u00e9 Navigu\u00e9, ancien Secr\u00e9taire national de la jeunesse du FPI. En 2019, j&#8217;ai int\u00e9gr\u00e9 le BEN de la JFPI, o\u00f9 j&#8217;ai collabor\u00e9 avec le camarade Lia Gnan Ferdinand, Secr\u00e9taire national de la JFPI, Vice-pr\u00e9sident et porte-parole adjoint du FPI, durant cinq ans \u00e9galement, en installant les sections dans les universit\u00e9s du pays. Je suis candidat parce que j&#8217;ai appris aupr\u00e8s de mes devanciers, des leaders de jeunesse reconnus dans le parti mais aussi dans ce pays. Je suis candidat pour faire de cette jeunesse la force motrice du parti \u00bb a-t-il indiqu\u00e9.<\/p>\n<p>Il a \u00e9galement appel\u00e9 \u00e0 la mobilisation des uns et des autres le jour du congr\u00e8s.  \u00ab Mobilisons-nous pour \u00eatre \u00e0 Yamoussoukro pour \u00e9lire le candidat Aff\u00e9l\u00e9 Dago Paul afin que nous puissions mener vigoureusement ce combat du changement avec tous les moyens l\u00e9gaux et d\u00e9mocratiques.<\/p>\n<p>Aujourd&#8217;hui le choix de la ville d&#8217;Agboville pour le lancement de notre campagne met simplement en \u00e9vidence le parall\u00e9lisme de l&#8217;esprit de r\u00e9sistance qui caract\u00e9rise le Front populaire ivoirien. Le FPI a r\u00e9sist\u00e9, face \u00e0 toutes ces temp\u00eates politiques pour ne pas dispara\u00eetre gr\u00e2ce \u00e0 la d\u00e9termination de tous les militants du Front populaire ivoirien \u00e0 tous les niveaux \u00bb , pr\u00e9cise-t-il.<\/p>\n<p>Il est \u00e0 noter que les jeunes de la ville sont sortis en grand nombre pour r\u00e9pondre \u00e0 l\u2019invitation, avec la pr\u00e9sence remarqu\u00e9e de Lia Gnan Ferdinand, pr\u00e9sident sortant de la jeunesse du Front Populaire Ivoirien, ainsi que de nombreuses autres personnalit\u00e9s.<\/p>\n<p><strong>Olivier Dion avec G\u00e9rard Batoua<\/strong><\/p>\n","protected":false},"excerpt":{"rendered":"<p>Aff\u00e9l\u00e9 Dago, candidat \u00e0 la pr\u00e9sidence de la JFPI, a d\u00e9voil\u00e9 ses ambitions depuis Agboville. \u00c0 l&#8217;approche de l\u2019\u00e9lection du pr\u00e9sident des jeunes du Front populaire ivoirien (Fpi)pr\u00e9vue les 8 et 9 novembre 2024, lors du Congr\u00e8s du parti \u00e0 Yamoussoukro, le candidat Aff\u00e9l\u00e9 Dago Paul a lanc\u00e9 sa campagne le dimanche 27 octobre 2024 [&hellip;]<\/p>\n","protected":false},"author":4,"featured_media":35566,"comment_status":"closed","ping_status":"closed","sticky":false,"template":"","format":"standard","meta":{"_monsterinsights_skip_tracking":false,"_monsterinsights_sitenote_active":false,"_monsterinsights_sitenote_note":"","_monsterinsights_sitenote_category":0,"footnotes":""},"categories":[2,17],"tags":[4184,255,2178,79],"class_list":["post-35565","post","type-post","status-publish","format-standard","has-post-thumbnail","hentry","category-featured","category-politique","tag-affele-dago","tag-agboville","tag-candidat","tag-jfpi"],"_links":{"self":[{"href":"https:\/\/www.lintelligentdabidjan.info\/news\/wp-json\/wp\/v2\/posts\/35565","targetHints":{"allow":["GET"]}}],"collection":[{"href":"https:\/\/www.lintelligentdabidjan.info\/news\/wp-json\/wp\/v2\/posts"}],"about":[{"href":"https:\/\/www.lintelligentdabidjan.info\/news\/wp-json\/wp\/v2\/types\/post"}],"author":[{"embeddable":true,"href":"https:\/\/www.lintelligentdabidjan.info\/news\/wp-json\/wp\/v2\/users\/4"}],"replies":[{"embeddable":true,"href":"https:\/\/www.lintelligentdabidjan.info\/news\/wp-json\/wp\/v2\/comments?post=35565"}],"version-history":[{"count":1,"href":"https:\/\/www.lintelligentdabidjan.info\/news\/wp-json\/wp\/v2\/posts\/35565\/revisions"}],"predecessor-version":[{"id":35567,"href":"https:\/\/www.lintelligentdabidjan.info\/news\/wp-json\/wp\/v2\/posts\/35565\/revisions\/35567"}],"wp:featuredmedia":[{"embeddable":true,"href":"https:\/\/www.lintelligentdabidjan.info\/news\/wp-json\/wp\/v2\/media\/35566"}],"wp:attachment":[{"href":"https:\/\/www.lintelligentdabidjan.info\/news\/wp-json\/wp\/v2\/media?parent=35565"}],"wp:term":[{"taxonomy":"category","embeddable":true,"href":"https:\/\/www.lintelligentdabidjan.info\/news\/wp-json\/wp\/v2\/categories?post=35565"},{"taxonomy":"post_tag","embeddable":true,"href":"https:\/\/www.lintelligentdabidjan.info\/news\/wp-json\/wp\/v2\/tags?post=35565"}],"curies":[{"name":"wp","href":"https:\/\/api.w.org\/{rel}","templated":true}]}}