{"id":35571,"date":"2024-10-30T04:13:59","date_gmt":"2024-10-30T03:13:59","guid":{"rendered":"https:\/\/www.lintelligentdabidjan.info\/news\/?p=35571"},"modified":"2024-10-30T04:14:06","modified_gmt":"2024-10-30T03:14:06","slug":"departement-de-philosophie-de-luniversite-felix-houphouet-boigny-de-cocody-le-professeur-abou-karamoko-bientot-celebre-par-ses-pairs","status":"publish","type":"post","link":"https:\/\/www.lintelligentdabidjan.info\/news\/departement-de-philosophie-de-luniversite-felix-houphouet-boigny-de-cocody-le-professeur-abou-karamoko-bientot-celebre-par-ses-pairs\/","title":{"rendered":"D\u00e9partement de philosophie de l&#8217;Universit\u00e9 F\u00e9lix Houphou\u00ebt-Boigny de Cocody- Le Professeur Abou Karamoko bient\u00f4t c\u00e9l\u00e9br\u00e9 par ses pairs"},"content":{"rendered":"<p><em><strong>Un colloque international en hommage au Professeur Abou Karamoko aura lieu \u00e0 Abidjan en novembre 2024, pour c\u00e9l\u00e9brer cet intellectuel, ancien pr\u00e9sident de l&#8217;Universit\u00e9 F\u00e9lix Houphou\u00ebt-Boigny de Cocody.<\/strong><\/em><\/p>\n<p>Le chef du D\u00e9partement de philosophie de l&#8217;Universit\u00e9 F\u00e9lix Houphou\u00ebt-Boigny de Cocody, le Professeur Koudou Landry Roland, a annonc\u00e9, le jeudi 24 octobre 2024, l&#8217;organisation d&#8217;un colloque international pour rendre hommage \u00e0 l&#8217;ex-pr\u00e9sident de l&#8217;Universit\u00e9 F\u00e9lix Houphou\u00ebt-Boigny d&#8217;Abidjan-Cocody.<\/p>\n<p>Les 12 et 13 novembre 2024, \u00e0 l&#8217;amphi A de l&#8217;Universit\u00e9 F\u00e9lix Houphou\u00ebt-Boigny d&#8217;Abidjan-Cocody, le Professeur Abou Karamoko sera \u00e0 l&#8217;honneur lors d&#8217;un colloque international. &#8220;L&#8217;objectif principal de ce colloque international est de rendre hommage au Professeur Abou Karamoko \u00e0 travers les grands moments de sa trajectoire intellectuelle. Le colloque portera sur le th\u00e8me suivant : &#8216;Philosophie, esth\u00e9tique n\u00e9gro-africaine et d\u00e9veloppement&#8217;. C&#8217;est une tradition pour notre D\u00e9partement d&#8217;honorer ceux qui se sont consacr\u00e9s \u00e0 son fonctionnement durant plusieurs ann\u00e9es. Pour l&#8217;heure, tous ceux que nous honorons ont fait valoir leur droit \u00e0 la retraite. Bien avant, nous avons eu \u00e0 honorer le Professeur Niamkey Koffi Robert (2014), le Professeur Lou Mathieu Bamba (2018), le Professeur Tanela Boni (2022) et le Professeur Yacouba Konat\u00e9 (2023). Cette ann\u00e9e, le choix du Conseil du D\u00e9partement a port\u00e9 sur le Professeur Abou Karamoko. C&#8217;est une forme de reconnaissance de ce que le Professeur a fourni dans notre D\u00e9partement, eu \u00e9gard \u00e0 toutes ses qualit\u00e9s scientifiques. Du point de vue de la science, le Professeur Abou Karamoko a consacr\u00e9 ses \u00e9crits \u00e0 la th\u00e9orie d&#8217;\u00e9thique et \u00e0 la pens\u00e9e de Th\u00e9odore Adorno. Il a fourni beaucoup de travaux de recherche, des articles, des livres, par exemple &#8216;Le miroir bris\u00e9&#8217;, &#8216;Autour de la note&#8217; (&#8230;) Nous ne voulons pas laisser partir le Professeur du D\u00e9partement sur la pointe des pieds. C&#8217;est pour faire \u00e9cho de son \u0153uvre que nous organisons ce colloque&#8221;, a justifi\u00e9 le Professeur Koudou Landry, par ailleurs pr\u00e9sident du comit\u00e9 d&#8217;organisation.<\/p>\n<p>Plusieurs articulations vont meubler ce colloque international, notamment des t\u00e9moignages, des communications autour de quatre axes, entre autres, Abou Karamoko sous le triptyque : \u00c9tudiant, enseignant et dirigeant, Philosophie et Th\u00e9orie critique. Ce colloque verra la participation d&#8217;une vingtaine d&#8217;\u00e9minents enseignants. Le comit\u00e9 scientifique est pr\u00e9sid\u00e9 par le Professeur D\u00e9pry N&#8217;guessan Antoine, Professeur Titulaire \u00e0 l&#8217;Universit\u00e9 F\u00e9lix Houphou\u00ebt-Boigny d&#8217;Abidjan-Cocody.<\/p>\n<p><strong>Olivier Dion<\/strong><\/p>\n","protected":false},"excerpt":{"rendered":"<p>Un colloque international en hommage au Professeur Abou Karamoko aura lieu \u00e0 Abidjan en novembre 2024, pour c\u00e9l\u00e9brer cet intellectuel, ancien pr\u00e9sident de l&#8217;Universit\u00e9 F\u00e9lix Houphou\u00ebt-Boigny de Cocody. Le chef du D\u00e9partement de philosophie de l&#8217;Universit\u00e9 F\u00e9lix Houphou\u00ebt-Boigny de Cocody, le Professeur Koudou Landry Roland, a annonc\u00e9, le jeudi 24 octobre 2024, l&#8217;organisation d&#8217;un colloque [&hellip;]<\/p>\n","protected":false},"author":4,"featured_media":35572,"comment_status":"closed","ping_status":"closed","sticky":false,"template":"","format":"standard","meta":{"_monsterinsights_skip_tracking":false,"_monsterinsights_sitenote_active":false,"_monsterinsights_sitenote_note":"","_monsterinsights_sitenote_category":0,"footnotes":""},"categories":[2,3],"tags":[4191,4189,2772,4139,4190],"class_list":["post-35571","post","type-post","status-publish","format-standard","has-post-thumbnail","hentry","category-featured","category-societe","tag-abou-karamoko","tag-departement-de-philosophie","tag-pairs","tag-professeur","tag-universite-felix-houphouet-boigny-de-cocody"],"_links":{"self":[{"href":"https:\/\/www.lintelligentdabidjan.info\/news\/wp-json\/wp\/v2\/posts\/35571","targetHints":{"allow":["GET"]}}],"collection":[{"href":"https:\/\/www.lintelligentdabidjan.info\/news\/wp-json\/wp\/v2\/posts"}],"about":[{"href":"https:\/\/www.lintelligentdabidjan.info\/news\/wp-json\/wp\/v2\/types\/post"}],"author":[{"embeddable":true,"href":"https:\/\/www.lintelligentdabidjan.info\/news\/wp-json\/wp\/v2\/users\/4"}],"replies":[{"embeddable":true,"href":"https:\/\/www.lintelligentdabidjan.info\/news\/wp-json\/wp\/v2\/comments?post=35571"}],"version-history":[{"count":1,"href":"https:\/\/www.lintelligentdabidjan.info\/news\/wp-json\/wp\/v2\/posts\/35571\/revisions"}],"predecessor-version":[{"id":35573,"href":"https:\/\/www.lintelligentdabidjan.info\/news\/wp-json\/wp\/v2\/posts\/35571\/revisions\/35573"}],"wp:featuredmedia":[{"embeddable":true,"href":"https:\/\/www.lintelligentdabidjan.info\/news\/wp-json\/wp\/v2\/media\/35572"}],"wp:attachment":[{"href":"https:\/\/www.lintelligentdabidjan.info\/news\/wp-json\/wp\/v2\/media?parent=35571"}],"wp:term":[{"taxonomy":"category","embeddable":true,"href":"https:\/\/www.lintelligentdabidjan.info\/news\/wp-json\/wp\/v2\/categories?post=35571"},{"taxonomy":"post_tag","embeddable":true,"href":"https:\/\/www.lintelligentdabidjan.info\/news\/wp-json\/wp\/v2\/tags?post=35571"}],"curies":[{"name":"wp","href":"https:\/\/api.w.org\/{rel}","templated":true}]}}