{"id":35580,"date":"2024-10-30T04:26:19","date_gmt":"2024-10-30T03:26:19","guid":{"rendered":"https:\/\/www.lintelligentdabidjan.info\/news\/?p=35580"},"modified":"2024-10-30T04:26:19","modified_gmt":"2024-10-30T03:26:19","slug":"education-nationale-52-enfants-malvoyants-soutenus-par-une-ong","status":"publish","type":"post","link":"https:\/\/www.lintelligentdabidjan.info\/news\/education-nationale-52-enfants-malvoyants-soutenus-par-une-ong\/","title":{"rendered":"\u00c9ducation nationale- 52 enfants malvoyants soutenus par une Ong"},"content":{"rendered":"<p><em><strong>La c\u00e9r\u00e9monie de remise de dons organis\u00e9e par l&#8217;Ong \u2018\u2019Inclusion Plus\u2019\u2019 s&#8217;est tenue le samedi 25 octobre 2024 \u00e0 l&#8217;Institut national ivoirien pour la promotion des aveugles (Inipa) \u00e0 Yopougon en pr\u00e9sence de plusieurs parents d&#8217;\u00e9l\u00e8ves. Cette activit\u00e9 a sensibilis\u00e9 le public \u00e0 la cause des enfants en situation de handicap visuel et \u00e0 renforcer les relations entre l\u2019Ong et ses partenaires. <\/strong><\/em><\/p>\n<p>Au cours de cette rencontre, Komenan Pokou, Directeur de l&#8217;Institut national ivoirien pour la promotion des aveugles, a salu\u00e9 cette initiative de l&#8217;Ong et a rappel\u00e9 les uns et les autres \u00e0 savoir qu&#8217;ils ont des personnes avec eux qui sont sans moyens. Il a indiqu\u00e9 que pour cette ann\u00e9e, ce sont 52 enfants scolaris\u00e9s \u00e0 hauteur de 12 000 francs par enfant pour l&#8217;ann\u00e9e, soit un total de 624 000 francs. \u00ab Nous ne pouvons que nous soulager. C&#8217;est un plaisir pour nous de voir des parents qui partent heureux parce que nous avons aid\u00e9 leur enfant \u00e0 aller \u00e0 l&#8217;\u00e9cole. 52 enfants ont \u00e9t\u00e9 scolaris\u00e9s \u00e0 hauteur de 12 000 francs par enfant pour l&#8217;ann\u00e9e, soit un total de 624 000 francs. L&#8217;Ong essaie de nous aider lorsque nous faisons la rentr\u00e9e scolaire, car tous les parents n&#8217;ont pas la possibilit\u00e9 de payer la scolarit\u00e9 des enfants, qui s&#8217;\u00e9l\u00e8ve \u00e0 12 000 francs pour l&#8217;ann\u00e9e en r\u00e9gime exclusivement d&#8217;internat. C&#8217;est-\u00e0-dire que l&#8217;enfant est ici toute l&#8217;ann\u00e9e. On leur dit que quand ils sont l\u00e0, c&#8217;est pour aller \u00e0 l&#8217;\u00e9cole du lundi au vendredi. Ensuite, ils rentrent en famille et reviennent le dimanche soir pour reprendre. Juste pour dire que si tu es l\u00e0, c&#8217;est parce que tu dois aller \u00e0 l&#8217;\u00e9cole, mais ce n&#8217;est pas ta maison. Ce n&#8217;est pas ta famille. Sinon, ils finissent par d\u00e9velopper une conscience n\u00e9gative, comme quoi ils sont tous des enfants non-voyants. \u00bb, a t-il  lanc\u00e9<\/p>\n<p><strong>Nous reviendrons encore plus forts l&#8217;ann\u00e9e prochaine<\/strong><\/p>\n<p>Kouame Bl\u00e9, co-fondatrice et repr\u00e9sentante du pr\u00e9sident de l&#8217;Ong Inclusion Plus Fatiga Malick , a exprim\u00e9 sa satisfaction de voir les parents d&#8217;\u00e9l\u00e8ves heureux. \u00ab Nous sommes l\u00e0 ce matin pour soutenir l&#8217;inscription des enfants de l&#8217;Institut National pour la Promotion, qui ont vraiment besoin d&#8217;aide. La subvention est de 12 000 francs, ce qui nous a permis d&#8217;inscrire environ 52 enfants. C&#8217;est d\u00e9j\u00e0 un bon d\u00e9but, et nous garantissons que l&#8217;ann\u00e9e prochaine, nous ferons encore mieux, car nous allons mieux organiser l&#8217;\u00e9v\u00e9nement pour inscrire encore plus de personnes. Notre organisation est l\u00e0 pour les personnes en situation de handicap \u00bb, a-t-elle d\u00e9clar\u00e9.<\/p>\n<p>l\u2019Ong \u2018\u2019Inclusion Plus\u2019\u2019 vient en aide aux personnes en situation de handicap depuis deux ans. <\/p>\n<p> <strong>Mamadou Ouattara avec C\u00e9cile Mobio<\/strong><\/p>\n","protected":false},"excerpt":{"rendered":"<p>La c\u00e9r\u00e9monie de remise de dons organis\u00e9e par l&#8217;Ong \u2018\u2019Inclusion Plus\u2019\u2019 s&#8217;est tenue le samedi 25 octobre 2024 \u00e0 l&#8217;Institut national ivoirien pour la promotion des aveugles (Inipa) \u00e0 Yopougon en pr\u00e9sence de plusieurs parents d&#8217;\u00e9l\u00e8ves. Cette activit\u00e9 a sensibilis\u00e9 le public \u00e0 la cause des enfants en situation de handicap visuel et \u00e0 renforcer [&hellip;]<\/p>\n","protected":false},"author":4,"featured_media":35581,"comment_status":"closed","ping_status":"closed","sticky":false,"template":"","format":"standard","meta":{"_monsterinsights_skip_tracking":false,"_monsterinsights_sitenote_active":false,"_monsterinsights_sitenote_note":"","_monsterinsights_sitenote_category":0,"footnotes":""},"categories":[2,3],"tags":[4198,4197,1800,1072],"class_list":["post-35580","post","type-post","status-publish","format-standard","has-post-thumbnail","hentry","category-featured","category-societe","tag-eleves-malvoyants","tag-inipa","tag-membres","tag-ong"],"_links":{"self":[{"href":"https:\/\/www.lintelligentdabidjan.info\/news\/wp-json\/wp\/v2\/posts\/35580","targetHints":{"allow":["GET"]}}],"collection":[{"href":"https:\/\/www.lintelligentdabidjan.info\/news\/wp-json\/wp\/v2\/posts"}],"about":[{"href":"https:\/\/www.lintelligentdabidjan.info\/news\/wp-json\/wp\/v2\/types\/post"}],"author":[{"embeddable":true,"href":"https:\/\/www.lintelligentdabidjan.info\/news\/wp-json\/wp\/v2\/users\/4"}],"replies":[{"embeddable":true,"href":"https:\/\/www.lintelligentdabidjan.info\/news\/wp-json\/wp\/v2\/comments?post=35580"}],"version-history":[{"count":1,"href":"https:\/\/www.lintelligentdabidjan.info\/news\/wp-json\/wp\/v2\/posts\/35580\/revisions"}],"predecessor-version":[{"id":35582,"href":"https:\/\/www.lintelligentdabidjan.info\/news\/wp-json\/wp\/v2\/posts\/35580\/revisions\/35582"}],"wp:featuredmedia":[{"embeddable":true,"href":"https:\/\/www.lintelligentdabidjan.info\/news\/wp-json\/wp\/v2\/media\/35581"}],"wp:attachment":[{"href":"https:\/\/www.lintelligentdabidjan.info\/news\/wp-json\/wp\/v2\/media?parent=35580"}],"wp:term":[{"taxonomy":"category","embeddable":true,"href":"https:\/\/www.lintelligentdabidjan.info\/news\/wp-json\/wp\/v2\/categories?post=35580"},{"taxonomy":"post_tag","embeddable":true,"href":"https:\/\/www.lintelligentdabidjan.info\/news\/wp-json\/wp\/v2\/tags?post=35580"}],"curies":[{"name":"wp","href":"https:\/\/api.w.org\/{rel}","templated":true}]}}