{"id":35583,"date":"2024-10-30T04:30:32","date_gmt":"2024-10-30T03:30:32","guid":{"rendered":"https:\/\/www.lintelligentdabidjan.info\/news\/?p=35583"},"modified":"2024-10-30T04:30:50","modified_gmt":"2024-10-30T03:30:50","slug":"ateliers-de-babi-x-jeunes-blogueurs-une-synergie-entre-lunicef-et-lunesco-pour-promouvoir-la-citoyennete-numerique-en-cote-divoire","status":"publish","type":"post","link":"https:\/\/www.lintelligentdabidjan.info\/news\/ateliers-de-babi-x-jeunes-blogueurs-une-synergie-entre-lunicef-et-lunesco-pour-promouvoir-la-citoyennete-numerique-en-cote-divoire\/","title":{"rendered":"Ateliers de Babi X Jeunes blogueurs-Une Synergie entre l&#8217;Unicef et l&#8217;Unesco pour promouvoir la citoyennet\u00e9 num\u00e9rique en C\u00f4te d&#8217;Ivoire"},"content":{"rendered":"<p><em><strong>Le Fonds des Nations Unies pour l&#8217;Enfance (Unicef) et l&#8217;Organisation des Nations unies pour l&#8217;Education, la Science et la Culture (Unesco) ont organis\u00e9 \u00abLes ateliers de Babi x Jeunes blogueurs\u00bb, le vendredi 25 octobre 2024 au si\u00e8ge de l\u201dUnicef \u00e0 Abidjan-Cocody-Riviera-Golf autour de la citoyennet\u00e9 num\u00e9rique.<\/strong><\/em><\/p>\n<p>Cet \u00e9v\u00e9nement, fruit d&#8217;une collaboration  entre Fonds des Nations Unies pour l&#8217;Enfance (Unicef) et l&#8217;Organisation des Nations unies pour l&#8217;Education, la Science et la Culture (Unesco), marque une \u00e9tape significative dans l&#8217;engagement des deux agences en faveur des jeunes et de leur autonomisation num\u00e9rique. Cette initiative s\u2019inscrit dans la semaine mondiale de l&#8217;\u00c9ducation aux m\u00e9dias et \u00e0 l\u2019information (Emi), c\u00e9l\u00e9br\u00e9e chaque ann\u00e9e du 24 au 31 octobre depuis 2011. Dans son discours, Jean-Fran\u00e7ois Basse, Repr\u00e9sentant R\u00e9sident de l&#8217;Unicef en C\u00f4te d&#8217;Ivoire,  a soulign\u00e9 l&#8217;importance de cette initiative qui s&#8217;inscrit dans la continuit\u00e9 de l&#8217;esprit &#8220;One UN&#8221;, incarnant une vision unifi\u00e9e des Nations Unies en C\u00f4te d&#8217;Ivoire. \u00ab Cette initiative de l&#8217;Unesco qui vise \u00e0 renforcer les comp\u00e9tences des jeunes professionnels, r\u00e9sonne profond\u00e9ment avec la mission de l&#8217;Unicef en mati\u00e8re de d\u00e9veloppement du potentiel des jeunes. Depuis 2020, nous avons form\u00e9 450 jeunes champions du num\u00e9rique, visant \u00e0 r\u00e9duire la fracture num\u00e9rique et \u00e0 promouvoir une citoyennet\u00e9 num\u00e9rique responsable \u00bb, a d\u00e9clar\u00e9 Jean-Fran\u00e7ois  Basse, ajoutant que l&#8217;\u00e2ge des formateurs n&#8217;est qu&#8217;un chiffre, et que ces jeunes sont des experts en devenir dans leur domaine.<\/p>\n<p><strong>Une vision commune pour l&#8217;avenir num\u00e9rique<\/strong><\/p>\n<p>Mame Omar Diop, Chef de Bureau de l&#8217;Unesco \u00e0 Abidjan, a salu\u00e9 cette collaboration soulignant que cet atelier constitue un premier pas vers un partenariat renforc\u00e9 entre les deux agences, visant \u00e0 cr\u00e9er un espace d&#8217;\u00e9change durable et constructif. \u00ab Ce moment incarne la r\u00e9alisation de notre volont\u00e9 partag\u00e9e , d\u2019harmoniser nos actions en faveur de la jeunesse et de nos partenaires. Nous l\u2019avons souhait\u00e9, et ce jour est arriv\u00e9. Certes, ce n\u2019est qu\u2019un premier pas, mais n\u2019oublions pas que les grandes r\u00e9alisations naissent souvent de d\u00e9buts modestes. Je suis convaincu que cet atelier de Babi, coupl\u00e9 \u00e0 celui des jeunes blogueurs de l\u2019Unicef, marque le lancement d\u2019un partenariat renforc\u00e9 entre l\u2019Unesco et l\u2019Unicef. Au-del\u00e0 de nos deux agences, c\u2019est la vision du \u2018\u2019One UN\u2019\u2019 en C\u00f4te d\u2019Ivoire qui prend v\u00e9ritablement forme\u00bb, a-t-il rassur\u00e9.<\/p>\n<p><strong>Mamadou Ouattara avec A. Traor\u00e9<\/strong><\/p>\n","protected":false},"excerpt":{"rendered":"<p>Le Fonds des Nations Unies pour l&#8217;Enfance (Unicef) et l&#8217;Organisation des Nations unies pour l&#8217;Education, la Science et la Culture (Unesco) ont organis\u00e9 \u00abLes ateliers de Babi x Jeunes blogueurs\u00bb, le vendredi 25 octobre 2024 au si\u00e8ge de l\u201dUnicef \u00e0 Abidjan-Cocody-Riviera-Golf autour de la citoyennet\u00e9 num\u00e9rique. Cet \u00e9v\u00e9nement, fruit d&#8217;une collaboration entre Fonds des Nations [&hellip;]<\/p>\n","protected":false},"author":4,"featured_media":35584,"comment_status":"closed","ping_status":"closed","sticky":false,"template":"","format":"standard","meta":{"_monsterinsights_skip_tracking":false,"_monsterinsights_sitenote_active":false,"_monsterinsights_sitenote_note":"","_monsterinsights_sitenote_category":0,"footnotes":""},"categories":[2,3],"tags":[917,4199],"class_list":["post-35583","post","type-post","status-publish","format-standard","has-post-thumbnail","hentry","category-featured","category-societe","tag-unesco","tag-unicef"],"_links":{"self":[{"href":"https:\/\/www.lintelligentdabidjan.info\/news\/wp-json\/wp\/v2\/posts\/35583","targetHints":{"allow":["GET"]}}],"collection":[{"href":"https:\/\/www.lintelligentdabidjan.info\/news\/wp-json\/wp\/v2\/posts"}],"about":[{"href":"https:\/\/www.lintelligentdabidjan.info\/news\/wp-json\/wp\/v2\/types\/post"}],"author":[{"embeddable":true,"href":"https:\/\/www.lintelligentdabidjan.info\/news\/wp-json\/wp\/v2\/users\/4"}],"replies":[{"embeddable":true,"href":"https:\/\/www.lintelligentdabidjan.info\/news\/wp-json\/wp\/v2\/comments?post=35583"}],"version-history":[{"count":1,"href":"https:\/\/www.lintelligentdabidjan.info\/news\/wp-json\/wp\/v2\/posts\/35583\/revisions"}],"predecessor-version":[{"id":35585,"href":"https:\/\/www.lintelligentdabidjan.info\/news\/wp-json\/wp\/v2\/posts\/35583\/revisions\/35585"}],"wp:featuredmedia":[{"embeddable":true,"href":"https:\/\/www.lintelligentdabidjan.info\/news\/wp-json\/wp\/v2\/media\/35584"}],"wp:attachment":[{"href":"https:\/\/www.lintelligentdabidjan.info\/news\/wp-json\/wp\/v2\/media?parent=35583"}],"wp:term":[{"taxonomy":"category","embeddable":true,"href":"https:\/\/www.lintelligentdabidjan.info\/news\/wp-json\/wp\/v2\/categories?post=35583"},{"taxonomy":"post_tag","embeddable":true,"href":"https:\/\/www.lintelligentdabidjan.info\/news\/wp-json\/wp\/v2\/tags?post=35583"}],"curies":[{"name":"wp","href":"https:\/\/api.w.org\/{rel}","templated":true}]}}