{"id":35589,"date":"2024-10-30T04:37:38","date_gmt":"2024-10-30T03:37:38","guid":{"rendered":"https:\/\/www.lintelligentdabidjan.info\/news\/?p=35589"},"modified":"2024-10-30T04:37:44","modified_gmt":"2024-10-30T03:37:44","slug":"lintelligent-en-pdf-pme-ivoiriennes-et-marches-publics-que-letat-en-fasse-plus-plaide-jules-konan","status":"publish","type":"post","link":"https:\/\/www.lintelligentdabidjan.info\/news\/lintelligent-en-pdf-pme-ivoiriennes-et-marches-publics-que-letat-en-fasse-plus-plaide-jules-konan\/","title":{"rendered":"L&#8217;Intelligent en PDF:    PME ivoiriennes et march\u00e9s publics : \u00ab Que l\u2019\u00c9tat en fasse plus ! \u00bb, plaide Jules Konan"},"content":{"rendered":"<p><strong>Animant une conf\u00e9rence sur la th\u00e9matique \u00ab L\u2019apport de l\u2019expertise locale dans le d\u00e9veloppement national \u00bb, Dr Jules Konan, directeur g\u00e9n\u00e9ral d\u2019une entreprise de BTP et ancien laur\u00e9at du Prix national d\u2019excellence de la meilleure entreprise de travaux d&#8217;approvisionnement en eau potable, a plaid\u00e9 pour une plus grande implication des dirigeants dans l\u2019attribution des parts de march\u00e9 aux PME locales. C\u2019\u00e9tait le lundi 28 octobre 2024, au si\u00e8ge de l&#8217;entreprise \u00e0 Cocody Danga. Qu&#8217;est ce que Dr Jules Konan a dit exactement? <\/strong><\/p>\n<p>Article \u00e0 d\u00e9couvrir dans vos kiosques et en ligne sur&#8230;<\/p>\n<p><a href=\"https:\/\/news.abidjan.net\/titrologie\/39-lintelligent-dabidjan\/articles\" target=\"_blank\">https:\/\/news.abidjan.net\/titrologie\/39-lintelligent-dabidjan\/articles<\/a><\/p>\n<p>\u00c0 lire aussi comment Abidjan se m\u00e9tamorphose avec la vision audacieuse de CISS\u00c9 Bacongo, une revendication de plus de 440,4 milliards de FCFA de prime annuelle re\u00e7ue par Anne Ouloto suite \u00e0 la gr\u00e8ve dans le secteur \u00e9ducation-formation, ce que r\u00e9v\u00e8le le Haut Repr\u00e9sentant de Thiam en France concernant la convention Pdci et les enjeux \u00e9lectoraux \u00e0 venir, L\u2019Afrique se mobilise pour la sant\u00e9 et le climat au Forum Galien Afrique \u00e0 Dakar, des r\u00e9v\u00e9lations sur les laur\u00e9ates et les opportunit\u00e9s de la bourse d\u2019Excellence Dominique Ouattara .<\/p>\n<p>Cliquez pour les d\u00e9tails<\/p>\n<p><a href=\"https:\/\/www.afrikipresse.fr\/abonnement\" target=\"_blank\">https:\/\/www.afrikipresse.fr\/abonnement<\/a><\/p>\n<p>\u00c0 voir \u00e9galement LU POUR VOUS by CoolBee Ouattara avec<\/p>\n<p>\u00ab MOHAMED ALI \u00bb PAR Claude Boli L\u2019INTREPIDE et le lancement de la nouvelle grille des programmes de la RTI.<\/p>\n<p><a href=\"https:\/\/www.pressecotedivoire.ci\/titrologie\" target=\"_blank\">https:\/\/www.pressecotedivoire.ci\/titrologie<\/a><\/p>\n","protected":false},"excerpt":{"rendered":"<p>Animant une conf\u00e9rence sur la th\u00e9matique \u00ab L\u2019apport de l\u2019expertise locale dans le d\u00e9veloppement national \u00bb, Dr Jules Konan, directeur g\u00e9n\u00e9ral d\u2019une entreprise de BTP et ancien laur\u00e9at du Prix national d\u2019excellence de la meilleure entreprise de travaux d&#8217;approvisionnement en eau potable, a plaid\u00e9 pour une plus grande implication des dirigeants dans l\u2019attribution des parts [&hellip;]<\/p>\n","protected":false},"author":4,"featured_media":35590,"comment_status":"closed","ping_status":"closed","sticky":false,"template":"","format":"standard","meta":{"_monsterinsights_skip_tracking":false,"_monsterinsights_sitenote_active":false,"_monsterinsights_sitenote_note":"","_monsterinsights_sitenote_category":0,"footnotes":""},"categories":[2,3],"tags":[],"class_list":["post-35589","post","type-post","status-publish","format-standard","has-post-thumbnail","hentry","category-featured","category-societe"],"_links":{"self":[{"href":"https:\/\/www.lintelligentdabidjan.info\/news\/wp-json\/wp\/v2\/posts\/35589","targetHints":{"allow":["GET"]}}],"collection":[{"href":"https:\/\/www.lintelligentdabidjan.info\/news\/wp-json\/wp\/v2\/posts"}],"about":[{"href":"https:\/\/www.lintelligentdabidjan.info\/news\/wp-json\/wp\/v2\/types\/post"}],"author":[{"embeddable":true,"href":"https:\/\/www.lintelligentdabidjan.info\/news\/wp-json\/wp\/v2\/users\/4"}],"replies":[{"embeddable":true,"href":"https:\/\/www.lintelligentdabidjan.info\/news\/wp-json\/wp\/v2\/comments?post=35589"}],"version-history":[{"count":1,"href":"https:\/\/www.lintelligentdabidjan.info\/news\/wp-json\/wp\/v2\/posts\/35589\/revisions"}],"predecessor-version":[{"id":35591,"href":"https:\/\/www.lintelligentdabidjan.info\/news\/wp-json\/wp\/v2\/posts\/35589\/revisions\/35591"}],"wp:featuredmedia":[{"embeddable":true,"href":"https:\/\/www.lintelligentdabidjan.info\/news\/wp-json\/wp\/v2\/media\/35590"}],"wp:attachment":[{"href":"https:\/\/www.lintelligentdabidjan.info\/news\/wp-json\/wp\/v2\/media?parent=35589"}],"wp:term":[{"taxonomy":"category","embeddable":true,"href":"https:\/\/www.lintelligentdabidjan.info\/news\/wp-json\/wp\/v2\/categories?post=35589"},{"taxonomy":"post_tag","embeddable":true,"href":"https:\/\/www.lintelligentdabidjan.info\/news\/wp-json\/wp\/v2\/tags?post=35589"}],"curies":[{"name":"wp","href":"https:\/\/api.w.org\/{rel}","templated":true}]}}