{"id":35597,"date":"2024-10-31T06:08:43","date_gmt":"2024-10-31T05:08:43","guid":{"rendered":"https:\/\/www.lintelligentdabidjan.info\/news\/?p=35597"},"modified":"2024-10-31T13:40:44","modified_gmt":"2024-10-31T12:40:44","slug":"bouake-laigf-sensibilise-sur-lutilisation-des-frequences-electromagnetiques","status":"publish","type":"post","link":"https:\/\/www.lintelligentdabidjan.info\/news\/bouake-laigf-sensibilise-sur-lutilisation-des-frequences-electromagnetiques\/","title":{"rendered":"Bouak\u00e9-L\u2019AIGF sensibilise sur l&#8217;utilisation des fr\u00e9quences \u00e9lectromagn\u00e9tiques"},"content":{"rendered":"<p><em><strong>La ville de Bouak\u00e9 a accueilli, le mardi 29 octobre 2024, \u00e0 la salle de conf\u00e9rence de la pr\u00e9fecture, une d\u00e9l\u00e9gation de l&#8217;Agence Ivoirienne de Gestion des Fr\u00e9quences Radio\u00e9lectriques (AIGF), conduite par Yangni-Angat\u00e9 Christiane, Conseiller Technique en Communication et Relations Ext\u00e9rieures du Directeur G\u00e9n\u00e9ral de l\u2019AIGF.<\/strong><\/em><\/p>\n<p> Cette mission avait pour objectif de pr\u00e9senter les r\u00e9sultats d&#8217;une campagne de mesure des Rayonnements Non Ionisants (RNI) lanc\u00e9e le 22 octobre 2024 et se poursuivant jusqu&#8217;au 7 novembre prochain, dans le cadre d&#8217;un programme d\u00e9nomm\u00e9 &#8220;AIGF TOUR&#8221;. Ce programme couvre plusieurs villes de C\u00f4te d&#8217;Ivoire, notamment Abidjan, Yamoussoukro, Bouak\u00e9, Daloa, Korhogo, San Pedro, Agboville, Abengourou et Bondoukou. L&#8217;\u00e9tape de Bouak\u00e9 a r\u00e9uni de nombreux guides religieux, chefs coutumiers et leaders d&#8217;associations de jeunesse.<\/p>\n<p> Au cours de cette activit\u00e9, les r\u00e9sultats d\u00e9taill\u00e9s des mesures effectu\u00e9es dans la r\u00e9gion de Gb\u00eak\u00ea ont \u00e9t\u00e9 pr\u00e9sent\u00e9s au public, en expliquant les enjeux li\u00e9s aux RNI et les mesures mises en \u0153uvre pour garantir la s\u00e9curit\u00e9 des populations.<\/p>\n<p>\u00c0 l&#8217;ouverture de cet atelier de restitution, la responsable de la d\u00e9l\u00e9gation, Yangni-Angat\u00e9 Christiane, a soulign\u00e9 l&#8217;objectif du programme &#8220;AIGF TOUR&#8221;. &#8220;L&#8217;objectif de cette tourn\u00e9e est d&#8217;informer et de sensibiliser les populations sur les meilleures pratiques d&#8217;utilisation des appareils radio\u00e9lectriques&#8221;, a-t-elle affirm\u00e9.<\/p>\n<p>Elle a pr\u00e9cis\u00e9 que &#8220;la gestion des fr\u00e9quences \u00e9lectromagn\u00e9tiques est un enjeu mondial, alors que les technologies de l&#8217;information et de la communication connaissent une croissance exponentielle. Mais l&#8217;augmentation des installations radio\u00e9lectriques, telles que les antennes avec les nouvelles technologies 3G, 4G et 5G, suscite des interrogations l\u00e9gitimes sur l&#8217;impact des ondes \u00e9lectromagn\u00e9tiques sur la sant\u00e9 des populations&#8221;.<\/p>\n<p>Cette s\u00e9ance de restitution a \u00e9t\u00e9 riche en \u00e9changes, permettant aux participants de poser des questions sur les pr\u00e9occupations li\u00e9es \u00e0 l&#8217;exposition aux champs \u00e9lectromagn\u00e9tiques. Les intervenants ont \u00e9galement expliqu\u00e9 les comportements \u00e0 adopter pour limiter les risques, notamment en ce qui concerne l&#8217;utilisation des t\u00e9l\u00e9phones portables et d&#8217;autres appareils \u00e9mettant des champs \u00e9lectromagn\u00e9tiques.<\/p>\n<p>La 6e adjointe au maire de Bouak\u00e9, Fatoumata Traor\u00e9, repr\u00e9sentant le premier magistrat de la ville, Amadou Kon\u00e9, a exprim\u00e9 sa gratitude \u00e0 l&#8217;AIGF pour cette initiative de sensibilisation. &#8220;Ce travail que vous nous pr\u00e9sentez aujourd&#8217;hui d\u00e9montre que l&#8217;\u00e9quilibre entre le progr\u00e8s technologique et la pr\u00e9servation de la sant\u00e9 publique est non seulement possible, mais aussi fondamental pour notre avenir commun. Je voudrais, pour clore mon propos, r\u00e9it\u00e9rer l&#8217;engagement de la municipalit\u00e9 et du maire Amadou Kon\u00e9 \u00e0 accompagner l&#8217;AIGF dans ses efforts et \u00e0 rester \u00e0 l&#8217;\u00e9coute de nos populations&#8221;, a-t-elle d\u00e9clar\u00e9.<\/p>\n<p>Pr\u00e9sente lors de cette activit\u00e9, la sous-directrice des Relations publiques du minist\u00e8re de la Transition num\u00e9rique et de la digitalisation, Anne Bakoum, a \u00e9galement invit\u00e9 la population de Bouak\u00e9 \u00e0 utiliser les ondes \u00e9lectromagn\u00e9tiques de mani\u00e8re rationnelle.<\/p>\n<p><strong>Nambac\u00e9r\u00e9 Jo\u00ebl <\/strong><\/p>\n<p>Atelier de restitution des r\u00e9sultats de la campagne de mesure des Rayonnements Non Ionisants (RNI) \u00e0 Bouak\u00e9. Photo : DR<\/p>\n","protected":false},"excerpt":{"rendered":"<p>La ville de Bouak\u00e9 a accueilli, le mardi 29 octobre 2024, \u00e0 la salle de conf\u00e9rence de la pr\u00e9fecture, une d\u00e9l\u00e9gation de l&#8217;Agence Ivoirienne de Gestion des Fr\u00e9quences Radio\u00e9lectriques (AIGF), conduite par Yangni-Angat\u00e9 Christiane, Conseiller Technique en Communication et Relations Ext\u00e9rieures du Directeur G\u00e9n\u00e9ral de l\u2019AIGF. Cette mission avait pour objectif de pr\u00e9senter les r\u00e9sultats [&hellip;]<\/p>\n","protected":false},"author":4,"featured_media":35610,"comment_status":"closed","ping_status":"closed","sticky":false,"template":"","format":"standard","meta":{"_monsterinsights_skip_tracking":false,"_monsterinsights_sitenote_active":false,"_monsterinsights_sitenote_note":"","_monsterinsights_sitenote_category":0,"footnotes":""},"categories":[2,3],"tags":[4201,125,4204,4203,2197,4202],"class_list":["post-35597","post","type-post","status-publish","format-standard","has-post-thumbnail","hentry","category-featured","category-societe","tag-aigf","tag-bouake","tag-electromagnetiques","tag-frequences","tag-sensibilise","tag-utilisation"],"_links":{"self":[{"href":"https:\/\/www.lintelligentdabidjan.info\/news\/wp-json\/wp\/v2\/posts\/35597","targetHints":{"allow":["GET"]}}],"collection":[{"href":"https:\/\/www.lintelligentdabidjan.info\/news\/wp-json\/wp\/v2\/posts"}],"about":[{"href":"https:\/\/www.lintelligentdabidjan.info\/news\/wp-json\/wp\/v2\/types\/post"}],"author":[{"embeddable":true,"href":"https:\/\/www.lintelligentdabidjan.info\/news\/wp-json\/wp\/v2\/users\/4"}],"replies":[{"embeddable":true,"href":"https:\/\/www.lintelligentdabidjan.info\/news\/wp-json\/wp\/v2\/comments?post=35597"}],"version-history":[{"count":1,"href":"https:\/\/www.lintelligentdabidjan.info\/news\/wp-json\/wp\/v2\/posts\/35597\/revisions"}],"predecessor-version":[{"id":35598,"href":"https:\/\/www.lintelligentdabidjan.info\/news\/wp-json\/wp\/v2\/posts\/35597\/revisions\/35598"}],"wp:featuredmedia":[{"embeddable":true,"href":"https:\/\/www.lintelligentdabidjan.info\/news\/wp-json\/wp\/v2\/media\/35610"}],"wp:attachment":[{"href":"https:\/\/www.lintelligentdabidjan.info\/news\/wp-json\/wp\/v2\/media?parent=35597"}],"wp:term":[{"taxonomy":"category","embeddable":true,"href":"https:\/\/www.lintelligentdabidjan.info\/news\/wp-json\/wp\/v2\/categories?post=35597"},{"taxonomy":"post_tag","embeddable":true,"href":"https:\/\/www.lintelligentdabidjan.info\/news\/wp-json\/wp\/v2\/tags?post=35597"}],"curies":[{"name":"wp","href":"https:\/\/api.w.org\/{rel}","templated":true}]}}