{"id":35622,"date":"2024-11-01T15:47:23","date_gmt":"2024-11-01T14:47:23","guid":{"rendered":"https:\/\/www.lintelligentdabidjan.info\/news\/?p=35622"},"modified":"2024-11-01T15:47:38","modified_gmt":"2024-11-01T14:47:38","slug":"promotion-culturelle-lassociation-afrique-art-up-et-le-cabinet-ethique-art-presentent-la-biennale-dakar-2024","status":"publish","type":"post","link":"https:\/\/www.lintelligentdabidjan.info\/news\/promotion-culturelle-lassociation-afrique-art-up-et-le-cabinet-ethique-art-presentent-la-biennale-dakar-2024\/","title":{"rendered":"Promotion culturelle-  L\u2019association Afrique Art Up et le cabinet \u00c9thique Art pr\u00e9sentent  la Biennale Dakar 2024"},"content":{"rendered":"<p><em><strong>Dans le souci de mettre \u00e0 la lumi\u00e8re du jour l\u2019art contemporain africain sur la sc\u00e8ne internationale, l\u2019association Art Up et ses partenaires \u00e9taient face \u00e0 la presse le mercredi 30 octobre 2024 dans un centre h\u00f4telier dans la commune de Cocody.<\/strong><\/em><\/p>\n<p>\u00ab Cette connexion vise \u00e0 offrir une plateforme aux Artistes contemporains africains, favorisant ainsi les \u00e9changes cr\u00e9atifs et les collaborations internationales. Cette initiative aspire \u00e0 transcender les fronti\u00e8res culturelles, en mettant en avant les \u0153uvres d\u2019art qui interrogent, \u00e9meuvent et inspirent. Elle propose une r\u00e9flexion sur les identit\u00e9s multiples et les parcours vari\u00e9s des artistes, tout en c\u00e9l\u00e9brant la richesse des histoires et des exp\u00e9riences qui fa\u00e7onnent l\u2019art africain contemporain \u00bb a  indiqu\u00e9   Kaloua Zogbo Pha, incubateur du concept.<\/p>\n<p>Avant de dire que \u00ab l\u2019exposition \u00ab connexions culturelles \u00bb se tiendra en parall\u00e8le de la Biennale du 7 novembre au 7 d\u00e9cembre 2024 \u00e0 l\u2019Ambassade de C\u00f4te d\u2019Ivoire au S\u00e9n\u00e9gal, plus pr\u00e9cis\u00e9ment \u00e0 Dakar. Sept artistes repr\u00e9senteront la C\u00f4te d\u2019Ivoire parmi lesquels le peintre Anselme Kouadio dont les cr\u00e9ations engag\u00e9es abordent des questions sociopolitiques, offrant une r\u00e9flexion artistique sur les dialogues entre l\u2019Afrique et l\u2019Europe. \u00ab L\u00e9vy Yao qui lui est connu pour ses compositions abstraites, nous plonge dans un monde de couleurs dynamiques o\u00f9 mouvement et harmonie se rencontrent et bien d\u2019autres \u00bb, a-t-il d\u00e9clar\u00e9 .<\/p>\n<p>Pour rappel, la Biennale de Dakar, est un \u00e9v\u00e9nement  consacr\u00e9 \u00e0 l\u2019art contemporain en Afrique. Il revient en 2024 sous le th\u00e8me \u201cThe Wake\u201d. Un th\u00e8me qui invite les artistes \u00e0 plonger dans les strates de l\u2019histoire, \u00e0 r\u00e9fl\u00e9chir aux empreintes laiss\u00e9es par le pass\u00e9 et \u00e0 explorer les r\u00e9percussions de ces h\u00e9ritages sur le monde contemporain. Il s\u2019agira d\u2019une invitation \u00e0 se souvenir, \u00e0 c\u00e9l\u00e9brer et \u00e0 interroger la m\u00e9moire collective et individuelle, ainsi qu\u2019\u00e0 consid\u00e9rer les dynamiques culturelles en constante \u00e9volution qui fa\u00e7onnent notre soci\u00e9t\u00e9.<\/p>\n<p> Diba Diallo, manager de l&#8217;artiste Didi B, pr\u00e9sent \u00e0 cette c\u00e9r\u00e9monie, a r\u00e9affirm\u00e9 son attachement \u00e0 l&#8217;initiative ainsi que celui de l&#8217;artiste, qui effectuera le voyage \u00e0 Dakar.<\/p>\n<p><strong>Mamadou Ouattara avec Gerard Batoua<\/strong><\/p>\n","protected":false},"excerpt":{"rendered":"<p>Dans le souci de mettre \u00e0 la lumi\u00e8re du jour l\u2019art contemporain africain sur la sc\u00e8ne internationale, l\u2019association Art Up et ses partenaires \u00e9taient face \u00e0 la presse le mercredi 30 octobre 2024 dans un centre h\u00f4telier dans la commune de Cocody. \u00ab Cette connexion vise \u00e0 offrir une plateforme aux Artistes contemporains africains, favorisant [&hellip;]<\/p>\n","protected":false},"author":4,"featured_media":35623,"comment_status":"closed","ping_status":"closed","sticky":false,"template":"","format":"standard","meta":{"_monsterinsights_skip_tracking":false,"_monsterinsights_sitenote_active":false,"_monsterinsights_sitenote_note":"","_monsterinsights_sitenote_category":0,"footnotes":""},"categories":[2,20],"tags":[4211,4213,4212,4210],"class_list":["post-35622","post","type-post","status-publish","format-standard","has-post-thumbnail","hentry","category-featured","category-art-et-culture","tag-association-afrique-art-up","tag-biennale-dakar-2024","tag-cabinet-ethique-art","tag-promotion-culturelle"],"_links":{"self":[{"href":"https:\/\/www.lintelligentdabidjan.info\/news\/wp-json\/wp\/v2\/posts\/35622","targetHints":{"allow":["GET"]}}],"collection":[{"href":"https:\/\/www.lintelligentdabidjan.info\/news\/wp-json\/wp\/v2\/posts"}],"about":[{"href":"https:\/\/www.lintelligentdabidjan.info\/news\/wp-json\/wp\/v2\/types\/post"}],"author":[{"embeddable":true,"href":"https:\/\/www.lintelligentdabidjan.info\/news\/wp-json\/wp\/v2\/users\/4"}],"replies":[{"embeddable":true,"href":"https:\/\/www.lintelligentdabidjan.info\/news\/wp-json\/wp\/v2\/comments?post=35622"}],"version-history":[{"count":1,"href":"https:\/\/www.lintelligentdabidjan.info\/news\/wp-json\/wp\/v2\/posts\/35622\/revisions"}],"predecessor-version":[{"id":35624,"href":"https:\/\/www.lintelligentdabidjan.info\/news\/wp-json\/wp\/v2\/posts\/35622\/revisions\/35624"}],"wp:featuredmedia":[{"embeddable":true,"href":"https:\/\/www.lintelligentdabidjan.info\/news\/wp-json\/wp\/v2\/media\/35623"}],"wp:attachment":[{"href":"https:\/\/www.lintelligentdabidjan.info\/news\/wp-json\/wp\/v2\/media?parent=35622"}],"wp:term":[{"taxonomy":"category","embeddable":true,"href":"https:\/\/www.lintelligentdabidjan.info\/news\/wp-json\/wp\/v2\/categories?post=35622"},{"taxonomy":"post_tag","embeddable":true,"href":"https:\/\/www.lintelligentdabidjan.info\/news\/wp-json\/wp\/v2\/tags?post=35622"}],"curies":[{"name":"wp","href":"https:\/\/api.w.org\/{rel}","templated":true}]}}