{"id":35632,"date":"2024-11-04T05:56:37","date_gmt":"2024-11-04T04:56:37","guid":{"rendered":"https:\/\/www.lintelligentdabidjan.info\/news\/?p=35632"},"modified":"2024-11-04T06:38:46","modified_gmt":"2024-11-04T05:38:46","slug":"bouake-une-ong-en-soutien-des-jeunes-filles-meres-et-descolarisees","status":"publish","type":"post","link":"https:\/\/www.lintelligentdabidjan.info\/news\/bouake-une-ong-en-soutien-des-jeunes-filles-meres-et-descolarisees\/","title":{"rendered":"Bouak\u00e9-Une ONG en soutien des jeunes filles m\u00e8res et d\u00e9scolaris\u00e9es"},"content":{"rendered":"<p style=\"text-align: left;\"><em><strong>L&#8217;ONG Pro-Kids offre une seconde chance aux jeunes filles m\u00e8res et aux filles d\u00e9scolaris\u00e9es. Gr\u00e2ce \u00e0 son programme &#8220;Jeparraineunefille&#8221;, l&#8217;ONG a permis \u00e0 375 jeunes filles en C\u00f4te d&#8217;Ivoire, depuis 2017, de retourner \u00e0 l&#8217;\u00e9cole ou d&#8217;apprendre un m\u00e9tier. Actuellement, ce programme est actif dans trois villes ivoiriennes : Bouak\u00e9, Korhogo et Guiglo. Ange Carrelle Boussou, point focal du projet \u00e0 Bouak\u00e9, a expliqu\u00e9 que ce programme vise \u00e0 redonner confiance aux jeunes filles m\u00e8res et d\u00e9scolaris\u00e9es, en les aidant \u00e0 surmonter les \u00e9preuves qu\u2019elles traversent et \u00e0 transformer leur histoire.<\/strong><\/em><\/p>\n<p>\u00ab Nous contribuons \u00e0 promouvoir une \u00e9ducation de qualit\u00e9 par la formation et la r\u00e9insertion des jeunes filles. Nous les encourageons \u00e0 retourner \u00e0 l&#8217;\u00e9cole et \u00e0 prendre conscience des dangers des grossesses pr\u00e9coces \u00bb, a-t-elle ajout\u00e9.<\/p>\n<p>\u00c0 Bouak\u00e9, environ 30 jeunes filles b\u00e9n\u00e9ficient depuis juillet d&#8217;une formation dans plusieurs m\u00e9tiers afin de faciliter leur r\u00e9insertion scolaire ou dans des centres de formation. D\u00e9j\u00e0, 16 filles de Bouak\u00e9 ont pu b\u00e9n\u00e9ficier de la r\u00e9insertion et poursuivent leur formation jusqu&#8217;en d\u00e9cembre 2024.<\/p>\n<p>Certaines b\u00e9n\u00e9ficiaires de ce programme expriment leur gratitude envers l&#8217;ONG pour ces actions qui redonnent espoir aux jeunes en situation difficile.<\/p>\n<p>\u00ab Je remercie sinc\u00e8rement cette ONG pour cette initiative. Gr\u00e2ce \u00e0 elle, j&#8217;ai appris de mes erreurs. Aujourd&#8217;hui, je suis les cours \u00e0 l&#8217;\u00e9cole. Je suis aussi une formation en informatique, ce qui m&#8217;ouvre davantage aux opportunit\u00e9s professionnelles. Lorsque j&#8217;ai pris ma grossesse, j&#8217;\u00e9tais abattue et pensais que tout \u00e9tait fini, mais j&#8217;ai eu l&#8217;opportunit\u00e9 de poursuivre mon r\u00eave. Je remercie profond\u00e9ment la fondation MTN pour tout \u00bb, t\u00e9moigne Konan Reine Teki, \u00e9l\u00e8ve en classe de 3e, qui avait d\u00fb interrompre ses \u00e9tudes il y a deux ans en raison de sa grossesse et de difficult\u00e9s financi\u00e8res.<\/p>\n<p>La pr\u00e9sidente de l&#8217;ONG, A\u00efcha Gladys Traor\u00e9, encourage ces jeunes filles \u00e0 pers\u00e9v\u00e9rer pour donner un sens \u00e0 leur avenir. Selon elle, cette initiative s\u2019\u00e9tendra dans d\u2019autres villes pour former davantage de jeunes filles et permettre \u00e0 celles qui se sentent d\u00e9courag\u00e9es de r\u00e9aliser leurs r\u00eaves.<\/p>\n<p>Enfin, il convient de noter qu&#8217;en reconnaissance de ses actions ayant un impact positif sur la jeunesse, l&#8217;ONG Pro-Kids a \u00e9t\u00e9 honor\u00e9e du Prix d&#8217;Excellence C\u00f4te d&#8217;Ivoire 2024.<\/p>\n<p><strong>Nambac\u00e9r\u00e9 Jo\u00ebl <\/strong><\/p>\n","protected":false},"excerpt":{"rendered":"<p>L&#8217;ONG Pro-Kids offre une seconde chance aux jeunes filles m\u00e8res et aux filles d\u00e9scolaris\u00e9es. Gr\u00e2ce \u00e0 son programme &#8220;Jeparraineunefille&#8221;, l&#8217;ONG a permis \u00e0 375 jeunes filles en C\u00f4te d&#8217;Ivoire, depuis 2017, de retourner \u00e0 l&#8217;\u00e9cole ou d&#8217;apprendre un m\u00e9tier. Actuellement, ce programme est actif dans trois villes ivoiriennes : Bouak\u00e9, Korhogo et Guiglo. Ange Carrelle [&hellip;]<\/p>\n","protected":false},"author":4,"featured_media":35633,"comment_status":"closed","ping_status":"closed","sticky":false,"template":"","format":"standard","meta":{"_monsterinsights_skip_tracking":false,"_monsterinsights_sitenote_active":false,"_monsterinsights_sitenote_note":"","_monsterinsights_sitenote_category":0,"footnotes":""},"categories":[2,3],"tags":[125,4214,3744,3009,1072],"class_list":["post-35632","post","type-post","status-publish","format-standard","has-post-thumbnail","hentry","category-featured","category-societe","tag-bouake","tag-descolarisees","tag-jeunes-filles","tag-meres","tag-ong"],"_links":{"self":[{"href":"https:\/\/www.lintelligentdabidjan.info\/news\/wp-json\/wp\/v2\/posts\/35632","targetHints":{"allow":["GET"]}}],"collection":[{"href":"https:\/\/www.lintelligentdabidjan.info\/news\/wp-json\/wp\/v2\/posts"}],"about":[{"href":"https:\/\/www.lintelligentdabidjan.info\/news\/wp-json\/wp\/v2\/types\/post"}],"author":[{"embeddable":true,"href":"https:\/\/www.lintelligentdabidjan.info\/news\/wp-json\/wp\/v2\/users\/4"}],"replies":[{"embeddable":true,"href":"https:\/\/www.lintelligentdabidjan.info\/news\/wp-json\/wp\/v2\/comments?post=35632"}],"version-history":[{"count":4,"href":"https:\/\/www.lintelligentdabidjan.info\/news\/wp-json\/wp\/v2\/posts\/35632\/revisions"}],"predecessor-version":[{"id":35662,"href":"https:\/\/www.lintelligentdabidjan.info\/news\/wp-json\/wp\/v2\/posts\/35632\/revisions\/35662"}],"wp:featuredmedia":[{"embeddable":true,"href":"https:\/\/www.lintelligentdabidjan.info\/news\/wp-json\/wp\/v2\/media\/35633"}],"wp:attachment":[{"href":"https:\/\/www.lintelligentdabidjan.info\/news\/wp-json\/wp\/v2\/media?parent=35632"}],"wp:term":[{"taxonomy":"category","embeddable":true,"href":"https:\/\/www.lintelligentdabidjan.info\/news\/wp-json\/wp\/v2\/categories?post=35632"},{"taxonomy":"post_tag","embeddable":true,"href":"https:\/\/www.lintelligentdabidjan.info\/news\/wp-json\/wp\/v2\/tags?post=35632"}],"curies":[{"name":"wp","href":"https:\/\/api.w.org\/{rel}","templated":true}]}}