{"id":35638,"date":"2024-11-04T06:02:10","date_gmt":"2024-11-04T05:02:10","guid":{"rendered":"https:\/\/www.lintelligentdabidjan.info\/news\/?p=35638"},"modified":"2024-11-04T06:02:14","modified_gmt":"2024-11-04T05:02:14","slug":"bocanda-inauguration-dune-mosquee-et-dun-forage-equipe-dun-chateau-deau-a-kongonouan","status":"publish","type":"post","link":"https:\/\/www.lintelligentdabidjan.info\/news\/bocanda-inauguration-dune-mosquee-et-dun-forage-equipe-dun-chateau-deau-a-kongonouan\/","title":{"rendered":"Bocanda -Inauguration d&#8217;une mosqu\u00e9e et d&#8217;un forage \u00e9quip\u00e9 d&#8217;un ch\u00e2teau d&#8217;eau \u00e0 Kongonouan"},"content":{"rendered":"<p><em><strong>La Fondation R\u00e9veil des C\u0153urs, a organis\u00e9 la c\u00e9r\u00e9monie d\u2019inauguration officielle de la mosqu\u00e9e et du forage dot\u00e9 d\u2019un ch\u00e2teau d\u2019eau dans le village de Kongonouan . Cette c\u00e9r\u00e9monie a eu lieu le vendredi 01 novembre 2024 au sein dudit village dans le d\u00e9partement de Bocanda.<\/strong><\/em><\/p>\n<p>Diabagat\u00e9 Isma\u00ebl, membre de la fondation et chef de projet a traduit sa gratitude aux donateurs tout en indiquant les co\u00fbts de ces r\u00e9alisations.<\/p>\n<p> \u00ab Le site qui abrite la c\u00e9r\u00e9monie du jour, \u00e9tait encore il y-a quelques mois, une for\u00eat presque vierge.  Le premier coup de pioche a \u00e9t\u00e9 donn\u00e9 le 18 F\u00e9vrier 2024, apr\u00e8s les travaux de terrassement, jusqu\u2019\u00e0 ce 1er Novembre 2024, il y&#8217;a une succession de travaux qui ont permis en seulement 10 mois, d&#8217;offrir \u00e0 Kongonouan, sa toute premi\u00e8re Mosqu\u00e9e et l&#8217;implantation d&#8217;un forage dot\u00e9 d&#8217;un ch\u00e2teau de 5.000 litres. Toutes ces infrastructures sont r\u00e9alis\u00e9es sur un terrain de 2.400 m\u00b2, gracieusement offert par la chefferie. La mosqu\u00e9e est compos\u00e9e d\u2019une salle de pri\u00e8re d&#8217;une capacit\u00e9 int\u00e9rieure de 300 places assises, enti\u00e8rement \u00e9quip\u00e9e avec un co\u00fbt de r\u00e9alisation de 36.145.955 frs CFA, d\u2019un Forage d\u2019environ 50 m\u00e8tres du sol, permettant d&#8217;offrir un d\u00e9bit d&#8217;eau de 3m3 par heure avec un r\u00e9servoir d&#8217;une capacit\u00e9 de 5000 litres. Il a \u00e9t\u00e9 fait un raccordement au r\u00e9seau \u00e9lectrique en installant 4 poteaux avec des lampadaires pour alimenter la mosqu\u00e9e pour un coup 12.500.000 frs CFA. Sur sollicitation de la Chefferie, la Fondation a proc\u00e9d\u00e9 \u00e0 l\u2019ouverture pour la premi\u00e8re fois, de la voie principale du village de Kongonouan et \u00e0 l\u2019ach\u00e8vement des logements des enseignants, deux appartements de 3 pi\u00e8ces chacun d\u2019une valeur de 8.299.275 frs CFA mobilis\u00e9s sans appel public \u00e0 contribution \u00bb a indiqu\u00e9 Isma\u00ebl Diabagat\u00e9 chef Projet de la Construction de Mosqu\u00e9e et Ch\u00e2teau d\u2019eau de Kongonouan.<\/p>\n<p>Pour sa part, El hadj Diabat\u00e9 Fouss\u00e9ni, pr\u00e9sident de la Fondation R\u00e9veil des C\u0153urs a remerci\u00e9 les donateurs ainsi que toute l\u2019\u00e9quipe du comit\u00e9 d\u2019organisation pour le travail abattu. Il a profit\u00e9 de l\u2019occasion pour offrir au nom de la fondation des vivres aux diff\u00e9rentes communaut\u00e9s villageoises et une moto flambante neuve \u00e0 l\u2019imam, de la nouvelle mosqu\u00e9e , fra\u00eechement install\u00e9.<\/p>\n<p>Ce sont environ plus de 71.486.030 frs CFA qui ont   servi \u00e0 la r\u00e9alisation de ce projet d\u2019envergure.<\/p>\n<p><strong>Olivier Dion avec G\u00e9rard Batoua<\/strong><\/p>\n","protected":false},"excerpt":{"rendered":"<p>La Fondation R\u00e9veil des C\u0153urs, a organis\u00e9 la c\u00e9r\u00e9monie d\u2019inauguration officielle de la mosqu\u00e9e et du forage dot\u00e9 d\u2019un ch\u00e2teau d\u2019eau dans le village de Kongonouan . Cette c\u00e9r\u00e9monie a eu lieu le vendredi 01 novembre 2024 au sein dudit village dans le d\u00e9partement de Bocanda. Diabagat\u00e9 Isma\u00ebl, membre de la fondation et chef de [&hellip;]<\/p>\n","protected":false},"author":4,"featured_media":35639,"comment_status":"closed","ping_status":"closed","sticky":false,"template":"","format":"standard","meta":{"_monsterinsights_skip_tracking":false,"_monsterinsights_sitenote_active":false,"_monsterinsights_sitenote_note":"","_monsterinsights_sitenote_category":0,"footnotes":""},"categories":[2,3],"tags":[4218,4219,3189,3938,4220,3305],"class_list":["post-35638","post","type-post","status-publish","format-standard","has-post-thumbnail","hentry","category-featured","category-societe","tag-bocanda","tag-chateau-deau","tag-forage","tag-inauguration","tag-kongonouan","tag-mosquee"],"_links":{"self":[{"href":"https:\/\/www.lintelligentdabidjan.info\/news\/wp-json\/wp\/v2\/posts\/35638","targetHints":{"allow":["GET"]}}],"collection":[{"href":"https:\/\/www.lintelligentdabidjan.info\/news\/wp-json\/wp\/v2\/posts"}],"about":[{"href":"https:\/\/www.lintelligentdabidjan.info\/news\/wp-json\/wp\/v2\/types\/post"}],"author":[{"embeddable":true,"href":"https:\/\/www.lintelligentdabidjan.info\/news\/wp-json\/wp\/v2\/users\/4"}],"replies":[{"embeddable":true,"href":"https:\/\/www.lintelligentdabidjan.info\/news\/wp-json\/wp\/v2\/comments?post=35638"}],"version-history":[{"count":1,"href":"https:\/\/www.lintelligentdabidjan.info\/news\/wp-json\/wp\/v2\/posts\/35638\/revisions"}],"predecessor-version":[{"id":35640,"href":"https:\/\/www.lintelligentdabidjan.info\/news\/wp-json\/wp\/v2\/posts\/35638\/revisions\/35640"}],"wp:featuredmedia":[{"embeddable":true,"href":"https:\/\/www.lintelligentdabidjan.info\/news\/wp-json\/wp\/v2\/media\/35639"}],"wp:attachment":[{"href":"https:\/\/www.lintelligentdabidjan.info\/news\/wp-json\/wp\/v2\/media?parent=35638"}],"wp:term":[{"taxonomy":"category","embeddable":true,"href":"https:\/\/www.lintelligentdabidjan.info\/news\/wp-json\/wp\/v2\/categories?post=35638"},{"taxonomy":"post_tag","embeddable":true,"href":"https:\/\/www.lintelligentdabidjan.info\/news\/wp-json\/wp\/v2\/tags?post=35638"}],"curies":[{"name":"wp","href":"https:\/\/api.w.org\/{rel}","templated":true}]}}