{"id":35641,"date":"2024-11-04T06:05:32","date_gmt":"2024-11-04T05:05:32","guid":{"rendered":"https:\/\/www.lintelligentdabidjan.info\/news\/?p=35641"},"modified":"2024-11-04T06:05:45","modified_gmt":"2024-11-04T05:05:45","slug":"assemblee-nationale-les-enfants-prennent-la-parole-pour-leurs-droits","status":"publish","type":"post","link":"https:\/\/www.lintelligentdabidjan.info\/news\/assemblee-nationale-les-enfants-prennent-la-parole-pour-leurs-droits\/","title":{"rendered":"Assembl\u00e9e nationale -Les enfants prennent la parole pour leurs droits"},"content":{"rendered":"<p><em><strong>Le Fonds des Nations Unies pour l\u2019Enfance (Unicef) a organis\u00e9, le jeudi 31 octobre 2024 \u00e0 Abidjan-Plateau, une session parlementaire \u00e0 l\u2019Assembl\u00e9e nationale  avec des enfants qui ont fait un plaidoyer sur la d\u00e9claration des naissances.<\/strong><\/em><\/p>\n<p>Au cours de cette session parlementaire \u00e0 l\u2019Assembl\u00e9e nationale, 150 enfants, repr\u00e9sentant symboliquement les d\u00e9put\u00e9s, ont plaid\u00e9 pour un renforcement des engagements politiques en faveur de la d\u00e9claration des naissances en C\u00f4te d\u2019Ivoire. \u00c0 travers la simulation d\u2019un examen de texte de loi sur ce sujet, les enfants ont soulign\u00e9 l&#8217;importance de prot\u00e9ger l&#8217;identit\u00e9 des enfants et de sensibiliser l&#8217;ensemble de la communaut\u00e9, notamment les autorit\u00e9s coutumi\u00e8res dans les zones rurales. Cet \u00e9v\u00e9nement, intitul\u00e9 \u00ab Kids Take Over \u00bb, est une initiative de l\u2019Unicef qui s&#8217;est d\u00e9roul\u00e9e en pr\u00e9lude \u00e0 la Journ\u00e9e mondiale des droits des enfants, c\u00e9l\u00e9br\u00e9e le 20 novembre, et a permis aux jeunes participants de r\u00e9clamer des actions concr\u00e8tes pour g\u00e9n\u00e9raliser la d\u00e9claration des naissances dans le pays. Le pr\u00e9sident de la Commission des Affaires G\u00e9n\u00e9rales et Institutionnelles (Cagi) de l&#8217;Assembl\u00e9e nationale, Me Abdoulaye Ben Meit\u00e9, a insist\u00e9 sur l&#8217;importance de cet exercice. \u00ab Les valeurs que vous apprenez aujourd\u2019hui fa\u00e7onneront les adultes que vous deviendriez demain. N\u2019oubliez pas que chaque r\u00e9ussite commence par un r\u00eave et qu\u2019un r\u00eave peut devenir une r\u00e9alit\u00e9 gr\u00e2ce \u00e0 un travail acharn\u00e9 \u00bb, a-t-il d\u00e9clar\u00e9.<\/p>\n<p>Il a profit\u00e9 de cette journ\u00e9e  des enfants \u00e0 l\u2019Assembl\u00e9e nationale, pour leur prodiguer de sages conseils et les encourager \u00e0 faire preuve de curiosit\u00e9, de cr\u00e9ativit\u00e9, de respect des parents et de gentillesse. <\/p>\n<p>Pour sa part, Jean-Fran\u00e7ois Basse, repr\u00e9sentant r\u00e9sident de l&#8217;Unicef en C\u00f4te d\u2019Ivoire, a salu\u00e9 cette initiative qui engage les enfants de toutes les couches sociales et qui s\u2019inscrit dans la vision du pr\u00e9sident Alassane Ouattara, qui a proclam\u00e9 2023 comme l&#8217;ann\u00e9e de la jeunesse. Il a traduit sa gratitude \u00e0 la chambre parlementaire qui a donn\u00e9 l\u2019opportunit\u00e9 aux enfants de d\u00e9fendre leurs droits, mais surtout de se frotter et de s\u2019inspirer des mod\u00e8les en termes de valeurs et de citoyennet\u00e9 des d\u00e9put\u00e9s. \u00ab L\u2019Unicef est fi\u00e8re de vous. C\u2019est vous qui allez dans quelques ann\u00e9es \u00eatre les responsables et d\u00e9velopper la C\u00f4te d\u2019Ivoire. Sachez que c\u2019est un pays dont vous aurez la responsabilit\u00e9 de conduire encore plus loin sur le chemin du d\u00e9veloppement \u00bb, a-t-il affirm\u00e9.<\/p>\n<p>Notons que la s\u00e9ance, dirig\u00e9e par l&#8217;enfant Arumugam Pierre, \u00e9l\u00e8ve de 5\u00e8me, marque une \u00e9tape significative dans la lutte pour la reconnaissance des droits des enfants en C\u00f4te d&#8217;Ivoire.<\/p>\n<p><strong>Olivier Dion avec A. Traor\u00e9 <\/strong><\/p>\n","protected":false},"excerpt":{"rendered":"<p>Le Fonds des Nations Unies pour l\u2019Enfance (Unicef) a organis\u00e9, le jeudi 31 octobre 2024 \u00e0 Abidjan-Plateau, une session parlementaire \u00e0 l\u2019Assembl\u00e9e nationale avec des enfants qui ont fait un plaidoyer sur la d\u00e9claration des naissances. Au cours de cette session parlementaire \u00e0 l\u2019Assembl\u00e9e nationale, 150 enfants, repr\u00e9sentant symboliquement les d\u00e9put\u00e9s, ont plaid\u00e9 pour un [&hellip;]<\/p>\n","protected":false},"author":4,"featured_media":35642,"comment_status":"closed","ping_status":"closed","sticky":false,"template":"","format":"standard","meta":{"_monsterinsights_skip_tracking":false,"_monsterinsights_sitenote_active":false,"_monsterinsights_sitenote_note":"","_monsterinsights_sitenote_category":0,"footnotes":""},"categories":[2,17],"tags":[76,4222,497,4221],"class_list":["post-35641","post","type-post","status-publish","format-standard","has-post-thumbnail","hentry","category-featured","category-politique","tag-assemblee-nationale","tag-droits","tag-enfants","tag-parole"],"_links":{"self":[{"href":"https:\/\/www.lintelligentdabidjan.info\/news\/wp-json\/wp\/v2\/posts\/35641","targetHints":{"allow":["GET"]}}],"collection":[{"href":"https:\/\/www.lintelligentdabidjan.info\/news\/wp-json\/wp\/v2\/posts"}],"about":[{"href":"https:\/\/www.lintelligentdabidjan.info\/news\/wp-json\/wp\/v2\/types\/post"}],"author":[{"embeddable":true,"href":"https:\/\/www.lintelligentdabidjan.info\/news\/wp-json\/wp\/v2\/users\/4"}],"replies":[{"embeddable":true,"href":"https:\/\/www.lintelligentdabidjan.info\/news\/wp-json\/wp\/v2\/comments?post=35641"}],"version-history":[{"count":1,"href":"https:\/\/www.lintelligentdabidjan.info\/news\/wp-json\/wp\/v2\/posts\/35641\/revisions"}],"predecessor-version":[{"id":35643,"href":"https:\/\/www.lintelligentdabidjan.info\/news\/wp-json\/wp\/v2\/posts\/35641\/revisions\/35643"}],"wp:featuredmedia":[{"embeddable":true,"href":"https:\/\/www.lintelligentdabidjan.info\/news\/wp-json\/wp\/v2\/media\/35642"}],"wp:attachment":[{"href":"https:\/\/www.lintelligentdabidjan.info\/news\/wp-json\/wp\/v2\/media?parent=35641"}],"wp:term":[{"taxonomy":"category","embeddable":true,"href":"https:\/\/www.lintelligentdabidjan.info\/news\/wp-json\/wp\/v2\/categories?post=35641"},{"taxonomy":"post_tag","embeddable":true,"href":"https:\/\/www.lintelligentdabidjan.info\/news\/wp-json\/wp\/v2\/tags?post=35641"}],"curies":[{"name":"wp","href":"https:\/\/api.w.org\/{rel}","templated":true}]}}