{"id":35682,"date":"2024-11-07T05:54:18","date_gmt":"2024-11-07T04:54:18","guid":{"rendered":"https:\/\/www.lintelligentdabidjan.info\/news\/?p=35682"},"modified":"2024-11-07T05:54:23","modified_gmt":"2024-11-07T04:54:23","slug":"sommes-de-quitter-adjame-le-plaidoyer-des-commercants-de-betail","status":"publish","type":"post","link":"https:\/\/www.lintelligentdabidjan.info\/news\/sommes-de-quitter-adjame-le-plaidoyer-des-commercants-de-betail\/","title":{"rendered":"Somm\u00e9s de  quitter Adjam\u00e9 &#8211; Le plaidoyer des commer\u00e7ants de b\u00e9tail"},"content":{"rendered":"<p><em><strong>Les commer\u00e7ants de b\u00e9tail install\u00e9s sur le site de l\u2019ancienne casse d\u2019Adjam\u00e9 ont tenu une conf\u00e9rence de presse le mardi 5 novembre 2024, au parc \u00e0 b\u00e9tail d\u2019Abidjan-Adjam\u00e9-Williamsville, pour solliciter le soutien du Pr\u00e9sident de la R\u00e9publique, Alassane Ouattara.<\/strong><\/em><\/p>\n<p>Cette conf\u00e9rence de presse des acteurs du b\u00e9tail fait suite \u00e0 une mise en demeure du district autonome d\u2019Abidjan, dat\u00e9e du 25 octobre 2024, leur ordonnant de lib\u00e9rer les parcs \u00e0 b\u00e9tail qu\u2019ils occupent et de se rendre vers l\u2019unique march\u00e9 \u00e0 b\u00e9tail de la ville d\u2019Abidjan, situ\u00e9 \u00e0 Anyama. \u00ab Le Chef de l\u2019\u00c9tat, \u00e0 travers le minist\u00e8re des Ressources animales et Halieutiques, nous a promis un abattoir ultra-moderne. Nous ne nous opposons pas \u00e0 la d\u00e9cision gouvernementale, mais nous souhaitons une indulgence de la part du Chef de l\u2019\u00c9tat et du gouvernement pour nous accompagner dans cette transition.  Nous ne sommes pas des moutons pour qu\u2019on nous chasse de cette fa\u00e7on \u00bb, a d\u00e9clar\u00e9 Konat\u00e9 Mamourou, l\u2019un des porte-parole des commer\u00e7ants. Il a insist\u00e9 sur la n\u00e9cessit\u00e9 de b\u00e9n\u00e9ficier de mesures d\u2019accompagnement pour le transport des animaux, \u00e9voquant l\u2019importance d\u2019am\u00e9nager le nouveau site afin d\u2019assurer de bonnes conditions de vie pour les b\u00eates. Samak\u00e9 Mohamed, pr\u00e9sident de la F\u00e9d\u00e9ration des commer\u00e7ants de b\u00e9tails de C\u00f4te d\u2019Ivoire, a \u00e9galement appel\u00e9 \u00e0 la magnanimit\u00e9 du Pr\u00e9sident, soulignant l&#8217;importance de maintenir l&#8217;ordre et la paix pour exercer sereinement leurs activit\u00e9s.<\/p>\n<p>Ould Ely Cheick, pr\u00e9sident des commer\u00e7ants du march\u00e9, a r\u00e9torqu\u00e9 en affirmant que les commer\u00e7ants ne peuvent se dresser contre l&#8217;\u00c9tat. \u00ab Quelle que soit la situation, nous soutenons la politique du Chef de l\u2019\u00c9tat pour le bon fonctionnement du pays. Bien que nous soyons de petits artisans, nous contribuons \u00e0 l\u2019essor de l\u2019\u00e9conomie de la C\u00f4te d\u2019Ivoire \u00bb, a-t-il ajout\u00e9, tout en pr\u00e9cisant qu&#8217;il n\u2019y a aucun conflit entre les commer\u00e7ants de b\u00e9tails et les autorit\u00e9s. \u00ab Nous ne pouvons pas nous opposer \u00e0 un \u00c9tat, cela n\u2019est pas possible. Mais nous souhaitons que l&#8217;on nous mette dans de meilleures conditions de travail \u00bb, a insist\u00e9 Ould Ely Cheick, r\u00e9it\u00e9rant l&#8217;appel \u00e0 un soutien gouvernemental pour mener \u00e0 bien cette transition d\u00e9licate.<\/p>\n<p><strong>Mamadou Ouattara avec A. Traor\u00e9<\/strong><\/p>\n","protected":false},"excerpt":{"rendered":"<p>Les commer\u00e7ants de b\u00e9tail install\u00e9s sur le site de l\u2019ancienne casse d\u2019Adjam\u00e9 ont tenu une conf\u00e9rence de presse le mardi 5 novembre 2024, au parc \u00e0 b\u00e9tail d\u2019Abidjan-Adjam\u00e9-Williamsville, pour solliciter le soutien du Pr\u00e9sident de la R\u00e9publique, Alassane Ouattara. Cette conf\u00e9rence de presse des acteurs du b\u00e9tail fait suite \u00e0 une mise en demeure du [&hellip;]<\/p>\n","protected":false},"author":4,"featured_media":35683,"comment_status":"closed","ping_status":"closed","sticky":false,"template":"","format":"standard","meta":{"_monsterinsights_skip_tracking":false,"_monsterinsights_sitenote_active":false,"_monsterinsights_sitenote_note":"","_monsterinsights_sitenote_category":0,"footnotes":""},"categories":[2,3],"tags":[357,3626,3126,4228],"class_list":["post-35682","post","type-post","status-publish","format-standard","has-post-thumbnail","hentry","category-featured","category-societe","tag-adjame","tag-betail","tag-commercants","tag-plaidoyer"],"_links":{"self":[{"href":"https:\/\/www.lintelligentdabidjan.info\/news\/wp-json\/wp\/v2\/posts\/35682","targetHints":{"allow":["GET"]}}],"collection":[{"href":"https:\/\/www.lintelligentdabidjan.info\/news\/wp-json\/wp\/v2\/posts"}],"about":[{"href":"https:\/\/www.lintelligentdabidjan.info\/news\/wp-json\/wp\/v2\/types\/post"}],"author":[{"embeddable":true,"href":"https:\/\/www.lintelligentdabidjan.info\/news\/wp-json\/wp\/v2\/users\/4"}],"replies":[{"embeddable":true,"href":"https:\/\/www.lintelligentdabidjan.info\/news\/wp-json\/wp\/v2\/comments?post=35682"}],"version-history":[{"count":1,"href":"https:\/\/www.lintelligentdabidjan.info\/news\/wp-json\/wp\/v2\/posts\/35682\/revisions"}],"predecessor-version":[{"id":35684,"href":"https:\/\/www.lintelligentdabidjan.info\/news\/wp-json\/wp\/v2\/posts\/35682\/revisions\/35684"}],"wp:featuredmedia":[{"embeddable":true,"href":"https:\/\/www.lintelligentdabidjan.info\/news\/wp-json\/wp\/v2\/media\/35683"}],"wp:attachment":[{"href":"https:\/\/www.lintelligentdabidjan.info\/news\/wp-json\/wp\/v2\/media?parent=35682"}],"wp:term":[{"taxonomy":"category","embeddable":true,"href":"https:\/\/www.lintelligentdabidjan.info\/news\/wp-json\/wp\/v2\/categories?post=35682"},{"taxonomy":"post_tag","embeddable":true,"href":"https:\/\/www.lintelligentdabidjan.info\/news\/wp-json\/wp\/v2\/tags?post=35682"}],"curies":[{"name":"wp","href":"https:\/\/api.w.org\/{rel}","templated":true}]}}