{"id":35685,"date":"2024-11-07T05:57:01","date_gmt":"2024-11-07T04:57:01","guid":{"rendered":"https:\/\/www.lintelligentdabidjan.info\/news\/?p=35685"},"modified":"2024-11-07T05:57:01","modified_gmt":"2024-11-07T04:57:01","slug":"jrvc-a-luniversite-alassane-ouattara-un-cadre-dechange-entre-chercheurs-etudiants-et-citoyens","status":"publish","type":"post","link":"https:\/\/www.lintelligentdabidjan.info\/news\/jrvc-a-luniversite-alassane-ouattara-un-cadre-dechange-entre-chercheurs-etudiants-et-citoyens\/","title":{"rendered":"JRVC \u00e0 l&#8217;universit\u00e9 Alassane Ouattara :  Un cadre d&#8217;\u00e9change entre chercheurs, \u00e9tudiants et citoyens."},"content":{"rendered":"<p><em><strong>L\u2019Universit\u00e9 Alassane Ouattara de Bouak\u00e9 a accueilli les 5 et 6 novembre 2024, la premi\u00e8re \u00e9dition des Journ\u00e9es de la Recherche, de la Valorisation et de la Coop\u00e9ration (JRVC). Cet \u00e9v\u00e9nement, organis\u00e9 sous le th\u00e8me &#8220;Recherche, valorisation et coop\u00e9ration au service de la communaut\u00e9&#8221;, s\u2019est tenu sur le Campus 2 de l\u2019universit\u00e9, offrant un espace d\u2019\u00e9change entre chercheurs, \u00e9tudiants et citoyens.<\/strong><\/em><\/p>\n<p>Ce rassemblement scientifique et \u00e9ducatif a \u00e9t\u00e9 ponctu\u00e9 de conf\u00e9rences, de tables rondes sur la coop\u00e9ration, de visites de stands et d\u2019ateliers th\u00e9matiques. L\u2019objectif principal de ces journ\u00e9es est de promouvoir le partage de connaissances et de favoriser un dialogue ouvert entre le monde acad\u00e9mique et la soci\u00e9t\u00e9 civile. Selon le Dr Fid\u00e8le Yoroba, Vice-Pr\u00e9sident charg\u00e9 de la Recherche, de l\u2019Innovation Technologique et des Relations Ext\u00e9rieures \u00e0 l\u2019Universit\u00e9 Alassane Ouattara, cette initiative permet au milieu scientifique de &#8220;s&#8217;ouvrir au monde citoyen&#8221; et de stimuler une r\u00e9flexion commune sur des enjeux concrets.<\/p>\n<p>\u00ab Les Journ\u00e9es de la recherche, de la valorisation et de la coop\u00e9ration visent \u00e0 construire une politique de recherche concert\u00e9e, valoriser et diffuser les r\u00e9sultats de la recherche, et assurer une meilleure communication aupr\u00e8s des publics \u00bb, a-t-il soulign\u00e9 dans son allocution d\u2019ouverture.<\/p>\n<p>Le th\u00e8me de cette premi\u00e8re \u00e9dition a permis d\u2019aborder divers champs disciplinaires et de r\u00e9fl\u00e9chir aux moyens de renforcer les liens entre la recherche acad\u00e9mique et les besoins de la communaut\u00e9. En plus des chercheurs et des universitaires, l\u2019\u00e9v\u00e9nement a attir\u00e9 de nombreux \u00e9l\u00e8ves issus des \u00e9tablissements environnants, leur offrant une premi\u00e8re immersion dans le monde de la recherche et les perspectives qu\u2019offre la coop\u00e9ration entre institutions.<\/p>\n<p>Ebouat Marc Eric, responsable de la valorisation de la recherche et de l\u2019innovation technologique, a encourag\u00e9 ces jeunes \u00e0 consid\u00e9rer les possibilit\u00e9s d\u2019avenir offertes par l\u2019Universit\u00e9 Alassane Ouattara et ses partenariats : \u00ab Si ces \u00e9l\u00e8ves ne rejoignent pas notre universit\u00e9 et sont orient\u00e9s vers des structures priv\u00e9es, il est important qu\u2019ils sachent qu\u2019il existe des opportunit\u00e9s apr\u00e8s la ma\u00eetrise, notamment dans le cadre de nos coop\u00e9rations. \u00bb<\/p>\n<p>Parmi les invit\u00e9s, Dan Sigui, professeur \u00e0 la retraite et directeur des \u00e9tudes dans un coll\u00e8ge local, a exprim\u00e9 sa satisfaction quant \u00e0 la qualit\u00e9 de cet \u00e9v\u00e9nement, qu\u2019il juge enrichissant pour ses \u00e9l\u00e8ves participants. Selon lui, cette initiative pourrait jouer un r\u00f4le important dans la pr\u00e9paration des jeunes \u00e0 leur future carri\u00e8re.<\/p>\n<p>Cette premi\u00e8re \u00e9dition des Journ\u00e9es de la Recherche, de la Valorisation et de la Coop\u00e9ration s\u2019ach\u00e8ve ainsi sur une note positive, augurant de futures collaborations fructueuses entre l\u2019universit\u00e9, les chercheurs, les \u00e9tudiants et l\u2019ensemble de la communaut\u00e9 de Bouak\u00e9.<\/p>\n<p><strong>Nambac\u00e9r\u00e9 Jo\u00ebl<\/strong><\/p>\n","protected":false},"excerpt":{"rendered":"<p>L\u2019Universit\u00e9 Alassane Ouattara de Bouak\u00e9 a accueilli les 5 et 6 novembre 2024, la premi\u00e8re \u00e9dition des Journ\u00e9es de la Recherche, de la Valorisation et de la Coop\u00e9ration (JRVC). Cet \u00e9v\u00e9nement, organis\u00e9 sous le th\u00e8me &#8220;Recherche, valorisation et coop\u00e9ration au service de la communaut\u00e9&#8221;, s\u2019est tenu sur le Campus 2 de l\u2019universit\u00e9, offrant un espace [&hellip;]<\/p>\n","protected":false},"author":4,"featured_media":35686,"comment_status":"closed","ping_status":"closed","sticky":false,"template":"","format":"standard","meta":{"_monsterinsights_skip_tracking":false,"_monsterinsights_sitenote_active":false,"_monsterinsights_sitenote_note":"","_monsterinsights_sitenote_category":0,"footnotes":""},"categories":[2,3],"tags":[],"class_list":["post-35685","post","type-post","status-publish","format-standard","has-post-thumbnail","hentry","category-featured","category-societe"],"_links":{"self":[{"href":"https:\/\/www.lintelligentdabidjan.info\/news\/wp-json\/wp\/v2\/posts\/35685","targetHints":{"allow":["GET"]}}],"collection":[{"href":"https:\/\/www.lintelligentdabidjan.info\/news\/wp-json\/wp\/v2\/posts"}],"about":[{"href":"https:\/\/www.lintelligentdabidjan.info\/news\/wp-json\/wp\/v2\/types\/post"}],"author":[{"embeddable":true,"href":"https:\/\/www.lintelligentdabidjan.info\/news\/wp-json\/wp\/v2\/users\/4"}],"replies":[{"embeddable":true,"href":"https:\/\/www.lintelligentdabidjan.info\/news\/wp-json\/wp\/v2\/comments?post=35685"}],"version-history":[{"count":1,"href":"https:\/\/www.lintelligentdabidjan.info\/news\/wp-json\/wp\/v2\/posts\/35685\/revisions"}],"predecessor-version":[{"id":35687,"href":"https:\/\/www.lintelligentdabidjan.info\/news\/wp-json\/wp\/v2\/posts\/35685\/revisions\/35687"}],"wp:featuredmedia":[{"embeddable":true,"href":"https:\/\/www.lintelligentdabidjan.info\/news\/wp-json\/wp\/v2\/media\/35686"}],"wp:attachment":[{"href":"https:\/\/www.lintelligentdabidjan.info\/news\/wp-json\/wp\/v2\/media?parent=35685"}],"wp:term":[{"taxonomy":"category","embeddable":true,"href":"https:\/\/www.lintelligentdabidjan.info\/news\/wp-json\/wp\/v2\/categories?post=35685"},{"taxonomy":"post_tag","embeddable":true,"href":"https:\/\/www.lintelligentdabidjan.info\/news\/wp-json\/wp\/v2\/tags?post=35685"}],"curies":[{"name":"wp","href":"https:\/\/api.w.org\/{rel}","templated":true}]}}