{"id":35695,"date":"2024-11-08T01:18:11","date_gmt":"2024-11-08T00:18:11","guid":{"rendered":"https:\/\/www.lintelligentdabidjan.info\/news\/?p=35695"},"modified":"2024-11-08T01:31:25","modified_gmt":"2024-11-08T00:31:25","slug":"rentree-scolaire-a-nafana-lassociation-des-fonctionnaires-offre-282-kits-scolaires-aux-eleves","status":"publish","type":"post","link":"https:\/\/www.lintelligentdabidjan.info\/news\/rentree-scolaire-a-nafana-lassociation-des-fonctionnaires-offre-282-kits-scolaires-aux-eleves\/","title":{"rendered":"Rentr\u00e9e scolaire  \u00e0 Nafana- L\u2019Association des fonctionnaires  offre 282 kits scolaires aux \u00e9l\u00e8ves"},"content":{"rendered":"<p><em><strong>Les membres de l\u2019Association des Fonctionnaires de Nafana ( Afonaf), village de la sous-pr\u00e9fecture de Nafana, situ\u00e9 dans la r\u00e9gion d\u2019Iffou et dans le d\u00e9partement de Prikro, ont organis\u00e9 une c\u00e9r\u00e9monie de remise de kits scolaires le lundi 04 novembre 2024 \u00e0 Nafana.<\/strong><\/em><\/p>\n<p>Cette activit\u00e9 de remise de kits scolaires, initi\u00e9e par l\u2019Association des Fonctionnaires de Nafana ( Afonaf), sous-pr\u00e9fecture de Prikro, selon une note d\u2019information, s&#8217;inscrit dans un esprit de gratitude envers la terre qui les a vus grandir. Intitul\u00e9e \u00ab Un \u00e9l\u00e8ve, un kit scolaire \u00bb, cette initiative a pour but d&#8217;offrir des kits scolaires aux enfants du village, permettant ainsi de favoriser leur r\u00e9ussite \u00e9ducative. Au total, 282 kits, comprenant des cahiers, des stylos et des ensembles g\u00e9om\u00e9triques, ont \u00e9t\u00e9 distribu\u00e9s. Patrick Yao, chef de cabinet du minist\u00e8re de l&#8217;Emploi et de la Protection sociale (Meps), fils du village, a encourag\u00e9 cette action. Il a incit\u00e9 les \u00e9l\u00e8ves \u00e0 se concentrer sur leurs \u00e9tudes. \u00abChers enfants, je vous invite \u00e0 vous concentrer sur vos \u00e9tudes. Il faut aller pour pouvoir mieux s&#8217;occuper de vous et de vos parents. Pour devenir un cadre du pays, il faut s&#8217;investir pleinement dans l&#8217;\u00e9ducation \u00bb, a-t-il invit\u00e9. Traduisant sa gratitude aux cadres et enfants du village, il a soulign\u00e9 l&#8217;importance de l&#8217;union et de la contribution de chacun au d\u00e9veloppement du village. \u00ab C&#8217;est en unissant nos forces que nous pourrons b\u00e2tir un village o\u00f9 il fait bon vivre. J\u2019appelle chaque membre de la communaut\u00e9 \u00e0 agir pour le bien-\u00eatre collectif du village \u00bb, a ajout\u00e9 Patrick Yao.<\/p>\n<p><strong>Les populations invit\u00e9es \u00e0 \u00e9tablir leurs cartes Cmu <\/strong><\/p>\n<p>En parall\u00e8le, il a abord\u00e9 la question de la protection sociale, en informant la population sur la couverture maladie universelle. Il a encourag\u00e9 les habitants \u00e0 s&#8217;inscrire pour b\u00e9n\u00e9ficier de la carte CMU, qui leur permettra d&#8217;acc\u00e9der \u00e0 des soins et \u00e0 une prise en charge de l&#8217;\u00c9tat en cas de maladie.<\/p>\n<p><strong>Tour\u00e9 Abdoulaye avec A. Traor\u00e9 <\/strong><\/p>\n<p>&nbsp;<\/p>\n","protected":false},"excerpt":{"rendered":"<p>Les membres de l\u2019Association des Fonctionnaires de Nafana ( Afonaf), village de la sous-pr\u00e9fecture de Nafana, situ\u00e9 dans la r\u00e9gion d\u2019Iffou et dans le d\u00e9partement de Prikro, ont organis\u00e9 une c\u00e9r\u00e9monie de remise de kits scolaires le lundi 04 novembre 2024 \u00e0 Nafana. Cette activit\u00e9 de remise de kits scolaires, initi\u00e9e par l\u2019Association des Fonctionnaires [&hellip;]<\/p>\n","protected":false},"author":4,"featured_media":35701,"comment_status":"closed","ping_status":"closed","sticky":false,"template":"","format":"standard","meta":{"_monsterinsights_skip_tracking":false,"_monsterinsights_sitenote_active":false,"_monsterinsights_sitenote_note":"","_monsterinsights_sitenote_category":0,"footnotes":""},"categories":[2,3],"tags":[4234,853,1263,4233,2612],"class_list":["post-35695","post","type-post","status-publish","format-standard","has-post-thumbnail","hentry","category-featured","category-societe","tag-association-des-fonctionnaires","tag-eleves","tag-kits-scolaires","tag-nafana","tag-rentree-scolaire"],"_links":{"self":[{"href":"https:\/\/www.lintelligentdabidjan.info\/news\/wp-json\/wp\/v2\/posts\/35695","targetHints":{"allow":["GET"]}}],"collection":[{"href":"https:\/\/www.lintelligentdabidjan.info\/news\/wp-json\/wp\/v2\/posts"}],"about":[{"href":"https:\/\/www.lintelligentdabidjan.info\/news\/wp-json\/wp\/v2\/types\/post"}],"author":[{"embeddable":true,"href":"https:\/\/www.lintelligentdabidjan.info\/news\/wp-json\/wp\/v2\/users\/4"}],"replies":[{"embeddable":true,"href":"https:\/\/www.lintelligentdabidjan.info\/news\/wp-json\/wp\/v2\/comments?post=35695"}],"version-history":[{"count":3,"href":"https:\/\/www.lintelligentdabidjan.info\/news\/wp-json\/wp\/v2\/posts\/35695\/revisions"}],"predecessor-version":[{"id":35702,"href":"https:\/\/www.lintelligentdabidjan.info\/news\/wp-json\/wp\/v2\/posts\/35695\/revisions\/35702"}],"wp:featuredmedia":[{"embeddable":true,"href":"https:\/\/www.lintelligentdabidjan.info\/news\/wp-json\/wp\/v2\/media\/35701"}],"wp:attachment":[{"href":"https:\/\/www.lintelligentdabidjan.info\/news\/wp-json\/wp\/v2\/media?parent=35695"}],"wp:term":[{"taxonomy":"category","embeddable":true,"href":"https:\/\/www.lintelligentdabidjan.info\/news\/wp-json\/wp\/v2\/categories?post=35695"},{"taxonomy":"post_tag","embeddable":true,"href":"https:\/\/www.lintelligentdabidjan.info\/news\/wp-json\/wp\/v2\/tags?post=35695"}],"curies":[{"name":"wp","href":"https:\/\/api.w.org\/{rel}","templated":true}]}}