{"id":35708,"date":"2024-11-08T01:38:31","date_gmt":"2024-11-08T00:38:31","guid":{"rendered":"https:\/\/www.lintelligentdabidjan.info\/news\/?p=35708"},"modified":"2024-11-08T01:38:40","modified_gmt":"2024-11-08T00:38:40","slug":"colloque-international-du-barreau-de-cote-divoire-ally-coulibaly-et-mamadou-toure-parlent-de-la-securite-juridique","status":"publish","type":"post","link":"https:\/\/www.lintelligentdabidjan.info\/news\/colloque-international-du-barreau-de-cote-divoire-ally-coulibaly-et-mamadou-toure-parlent-de-la-securite-juridique\/","title":{"rendered":"Colloque international du Barreau de C\u00f4te d&#8217;Ivoire-  Ally Coulibaly et Mamadou Tour\u00e9 parlent de la s\u00e9curit\u00e9 juridique"},"content":{"rendered":"<p><em><strong>Ally Coulibaly et Mamadou Tour\u00e9  ont \u00e9voqu\u00e9  la s\u00e9curit\u00e9 juridique lors du colloque international  organis\u00e9 par le  Barreau de C\u00f4te d&#8217;Ivoire<\/strong><\/em><\/p>\n<p>La C\u00f4te d&#8217;Ivoire souhaite faire de la s\u00e9curit\u00e9 juridique un axe strat\u00e9gique de son attractivit\u00e9. Cette priorit\u00e9 a \u00e9t\u00e9 au c\u0153ur des interventions, le mercredi 6 novembre 2024, \u00e0 Abidjan-Cocody, lors d&#8217;un colloque international organis\u00e9 par le Barreau de C\u00f4te d&#8217;Ivoire \u00e0 l&#8217;occasion de son 65e anniversaire, sous le th\u00e8me : R\u00f4le et contribution des avocats \u00e0 la s\u00e9curit\u00e9 juridique et judiciaire.<\/p>\n<p>Ally Coulibaly, Grand Chancelier de l\u2019Ordre National, a soulign\u00e9 que &#8220;le Pr\u00e9sident Alassane Ouattara a fait de la s\u00e9curit\u00e9 juridique un axe strat\u00e9gique essentiel pour renforcer l&#8217;attractivit\u00e9 de la C\u00f4te d&#8217;Ivoire&#8221;. Il a ajout\u00e9 que &#8220;la grande famille du droit, en particulier les avocats, doit contribuer \u00e0 rassurer les populations et les institutions&#8221;.<\/p>\n<p>Repr\u00e9sentant  le Garde des Sceaux, ministre de la Justice et des Droits de l\u2019Homme, Mamadou Tour\u00e9, ministre en charge de la Jeunesse, a d\u00e9clar\u00e9 que cette s\u00e9curit\u00e9 juridique est essentielle pour la prosp\u00e9rit\u00e9 de l&#8217;\u00c9tat.<\/p>\n<p>\u00ab Un environnement juridique stable et pr\u00e9visible est fondamental pour l\u2019instauration de la confiance des citoyens et des acteurs \u00e9conomiques en la justice et cons\u00e9quemment pour la prosp\u00e9rit\u00e9 d\u2019un \u00c9tat \u00bb, a-t-il soulign\u00e9.<\/p>\n<p>De son c\u00f4t\u00e9, Ma\u00eetre Florence Loan Messan, nouveau B\u00e2tonnier de l&#8217;Ordre des Avocats, a plaid\u00e9 pour l&#8217;importance du r\u00f4le des avocats dans &#8220;la pr\u00e9servation de la s\u00e9curit\u00e9 juridique&#8221;.<\/p>\n<p>La c\u00e9r\u00e9monie d&#8217;ouverture de ce colloque a \u00e9galement \u00e9t\u00e9 marqu\u00e9e par l&#8217;\u00e9l\u00e9vation du Grand Chancelier Ally Coulibaly, parrain de l&#8217;\u00e9v\u00e9nement, \u00e0 la Dignit\u00e9 Supr\u00eame des Amis du Barreau de C\u00f4te d&#8217;Ivoire. Par la suite, une exposition photo retra\u00e7ant l&#8217;histoire du Barreau de C\u00f4te d&#8217;Ivoire a \u00e9t\u00e9 visit\u00e9e.<\/p>\n<p><strong>Tour\u00e9 Abdoulaye<\/strong><\/p>\n","protected":false},"excerpt":{"rendered":"<p>Ally Coulibaly et Mamadou Tour\u00e9 ont \u00e9voqu\u00e9 la s\u00e9curit\u00e9 juridique lors du colloque international organis\u00e9 par le Barreau de C\u00f4te d&#8217;Ivoire La C\u00f4te d&#8217;Ivoire souhaite faire de la s\u00e9curit\u00e9 juridique un axe strat\u00e9gique de son attractivit\u00e9. Cette priorit\u00e9 a \u00e9t\u00e9 au c\u0153ur des interventions, le mercredi 6 novembre 2024, \u00e0 Abidjan-Cocody, lors d&#8217;un colloque international [&hellip;]<\/p>\n","protected":false},"author":4,"featured_media":35709,"comment_status":"closed","ping_status":"closed","sticky":false,"template":"","format":"standard","meta":{"_monsterinsights_skip_tracking":false,"_monsterinsights_sitenote_active":false,"_monsterinsights_sitenote_note":"","_monsterinsights_sitenote_category":0,"footnotes":""},"categories":[2,17],"tags":[428,4235,77,705,4236],"class_list":["post-35708","post","type-post","status-publish","format-standard","has-post-thumbnail","hentry","category-featured","category-politique","tag-ally-coulibaly","tag-colloque-international-du-barreau","tag-cote-divoire","tag-mamadou-toure","tag-securite-juridique"],"_links":{"self":[{"href":"https:\/\/www.lintelligentdabidjan.info\/news\/wp-json\/wp\/v2\/posts\/35708","targetHints":{"allow":["GET"]}}],"collection":[{"href":"https:\/\/www.lintelligentdabidjan.info\/news\/wp-json\/wp\/v2\/posts"}],"about":[{"href":"https:\/\/www.lintelligentdabidjan.info\/news\/wp-json\/wp\/v2\/types\/post"}],"author":[{"embeddable":true,"href":"https:\/\/www.lintelligentdabidjan.info\/news\/wp-json\/wp\/v2\/users\/4"}],"replies":[{"embeddable":true,"href":"https:\/\/www.lintelligentdabidjan.info\/news\/wp-json\/wp\/v2\/comments?post=35708"}],"version-history":[{"count":1,"href":"https:\/\/www.lintelligentdabidjan.info\/news\/wp-json\/wp\/v2\/posts\/35708\/revisions"}],"predecessor-version":[{"id":35710,"href":"https:\/\/www.lintelligentdabidjan.info\/news\/wp-json\/wp\/v2\/posts\/35708\/revisions\/35710"}],"wp:featuredmedia":[{"embeddable":true,"href":"https:\/\/www.lintelligentdabidjan.info\/news\/wp-json\/wp\/v2\/media\/35709"}],"wp:attachment":[{"href":"https:\/\/www.lintelligentdabidjan.info\/news\/wp-json\/wp\/v2\/media?parent=35708"}],"wp:term":[{"taxonomy":"category","embeddable":true,"href":"https:\/\/www.lintelligentdabidjan.info\/news\/wp-json\/wp\/v2\/categories?post=35708"},{"taxonomy":"post_tag","embeddable":true,"href":"https:\/\/www.lintelligentdabidjan.info\/news\/wp-json\/wp\/v2\/tags?post=35708"}],"curies":[{"name":"wp","href":"https:\/\/api.w.org\/{rel}","templated":true}]}}