{"id":35713,"date":"2024-11-09T09:31:38","date_gmt":"2024-11-09T08:31:38","guid":{"rendered":"https:\/\/www.lintelligentdabidjan.info\/news\/?p=35713"},"modified":"2024-11-09T09:31:43","modified_gmt":"2024-11-09T08:31:43","slug":"5e-congres-ordinaire-du-front-populaire-ivoirien-affi-pour-le-rassemblement-de-toutes-les-forces-politiques-de-gauche","status":"publish","type":"post","link":"https:\/\/www.lintelligentdabidjan.info\/news\/5e-congres-ordinaire-du-front-populaire-ivoirien-affi-pour-le-rassemblement-de-toutes-les-forces-politiques-de-gauche\/","title":{"rendered":"5e Congr\u00e8s ordinaire du Front Populaire ivoirien:   Affi   pour le rassemblement  de toutes les forces politiques de gauche"},"content":{"rendered":"<p><em><strong>Affi a appel\u00e9  au rassemblement  de toutes les forces politiques de gauche lors de l&#8217;ouverture du 5e Congr\u00e8s ordinaire du Front Populaire ivoirien. <\/strong><\/em><\/p>\n<p>Le 5\u1d49 Congr\u00e8s ordinaire du Front Populaire Ivoirien se tient depuis le vendredi 8 novembre 2024 \u00e0 la Fondation F\u00e9lix Houphou\u00ebt-Boigny de Yamoussoukro, autour du th\u00e8me : \u00ab FPI 2025 : Rassembler pour gagner \u00bb. Plus de 2000 congressistes, venus des quatre coins de la C\u00f4te d\u2019Ivoire et de l\u2019ext\u00e9rieur, y participent. Ces assises se d\u00e9roulent dix (10) ans apr\u00e8s le dernier congr\u00e8s de cette formation politique, sous l\u2019\u00e8re Laurent Gbagbo. Pendant les deux jours de travaux, le pr\u00e9sident Pascal Affi N\u2019guessan, ainsi que les militants et sympathisants de ce parti de gauche, vont revisiter les textes du parti et adopter le programme de gouvernement, l\u2019offre politique que cette formation proposera aux Ivoiriens pour les cinq (5) prochaines ann\u00e9es, en cas d\u2019accession \u00e0 la magistrature supr\u00eame.<\/p>\n<p>Il s\u2019agira \u00e9galement, au cours de ce congr\u00e8s, d\u2019\u00e9lire les premiers responsables des femmes et des jeunes, ainsi que le pr\u00e9sident du parti et le comit\u00e9 de contr\u00f4le. \u00c0 l\u2019issue de ces quatre \u00e9lections, les congressistes d\u00e9signeront le candidat du parti pour l\u2019\u00e9lection pr\u00e9sidentielle de 2025.<\/p>\n<p>Dans son intervention d\u2019ouverture le pr\u00e9sident du Fpi, Pascal Affi N\u2019guessan, a signifi\u00e9 clairement  les enjeux de ce 5e congr\u00e8s ordinaire. \u00ab  Nous sommes \u00e0 un tournant d\u00e9cisif. Ce congr\u00e8s se tient apr\u00e8s dix (10) ans de tentatives d\u2019an\u00e9antissement de notre parti, orchestr\u00e9es de toutes parts depuis le drame de 2010 et 2011. Nous avons, malgr\u00e9 tout, fait preuve de r\u00e9silience. Mais nous savons que nous n\u2019avons pas encore lib\u00e9r\u00e9 tout notre potentiel. La crise de 2011 ne nous a pas an\u00e9antis. Le Front Populaire Ivoirien n\u2019est plus un parti comme les autres. Le Front Populaire Ivoirien est un v\u00e9ritable esprit. C\u2019est cet esprit-l\u00e0 qui nous porte, et nous devons faire en sorte que cet esprit triomphe en 2025&#8243;  , a-t-il fait savoir.<br \/>\nAinsi, il a soutenu que le FPI n\u2019est pas n\u2019importe quel parti : \u00ab C\u2019est un parti de gouvernement. Le Front Populaire Ivoirien a pour vocation de diriger la C\u00f4te d&#8217;Ivoire. Il l\u2019a d\u00e9j\u00e0 fait dans le pass\u00e9, et il ambitionne de le faire de nouveau demain \u00bb, a-t-il d\u00e9clar\u00e9.<br \/>\n \u00c0 cet \u00e9gard, il n\u2019a pas manqu\u00e9 de saluer la forte mobilisation du jour. Poursuivant, il a indiqu\u00e9 que le d\u00e9fi actuel du parti est de savoir comment remporter l&#8217;\u00e9lection pr\u00e9sidentielle de 2025. Il a soulign\u00e9 que le FPI ne gagnera pas contre quelqu\u2019un, mais pour son projet et pour la C\u00f4te d\u2019Ivoire. Pour y parvenir, il a invit\u00e9 chacun au rassemblement de toutes les forces politiques de gauche.<\/p>\n<p><strong> Harry Diallo \u00e0 Yamoussoukro  <\/strong><\/p>\n","protected":false},"excerpt":{"rendered":"<p>Affi a appel\u00e9 au rassemblement de toutes les forces politiques de gauche lors de l&#8217;ouverture du 5e Congr\u00e8s ordinaire du Front Populaire ivoirien. Le 5\u1d49 Congr\u00e8s ordinaire du Front Populaire Ivoirien se tient depuis le vendredi 8 novembre 2024 \u00e0 la Fondation F\u00e9lix Houphou\u00ebt-Boigny de Yamoussoukro, autour du th\u00e8me : \u00ab FPI 2025 : Rassembler [&hellip;]<\/p>\n","protected":false},"author":4,"featured_media":35714,"comment_status":"closed","ping_status":"closed","sticky":false,"template":"","format":"standard","meta":{"_monsterinsights_skip_tracking":false,"_monsterinsights_sitenote_active":false,"_monsterinsights_sitenote_note":"","_monsterinsights_sitenote_category":0,"footnotes":""},"categories":[2,17],"tags":[4237,794,4238,4146,4239,478],"class_list":["post-35713","post","type-post","status-publish","format-standard","has-post-thumbnail","hentry","category-featured","category-politique","tag-5e-congres-ordinaire","tag-affi","tag-forces-politiques","tag-front-populaire-ivoirien","tag-gauche","tag-rassemblement"],"_links":{"self":[{"href":"https:\/\/www.lintelligentdabidjan.info\/news\/wp-json\/wp\/v2\/posts\/35713","targetHints":{"allow":["GET"]}}],"collection":[{"href":"https:\/\/www.lintelligentdabidjan.info\/news\/wp-json\/wp\/v2\/posts"}],"about":[{"href":"https:\/\/www.lintelligentdabidjan.info\/news\/wp-json\/wp\/v2\/types\/post"}],"author":[{"embeddable":true,"href":"https:\/\/www.lintelligentdabidjan.info\/news\/wp-json\/wp\/v2\/users\/4"}],"replies":[{"embeddable":true,"href":"https:\/\/www.lintelligentdabidjan.info\/news\/wp-json\/wp\/v2\/comments?post=35713"}],"version-history":[{"count":1,"href":"https:\/\/www.lintelligentdabidjan.info\/news\/wp-json\/wp\/v2\/posts\/35713\/revisions"}],"predecessor-version":[{"id":35715,"href":"https:\/\/www.lintelligentdabidjan.info\/news\/wp-json\/wp\/v2\/posts\/35713\/revisions\/35715"}],"wp:featuredmedia":[{"embeddable":true,"href":"https:\/\/www.lintelligentdabidjan.info\/news\/wp-json\/wp\/v2\/media\/35714"}],"wp:attachment":[{"href":"https:\/\/www.lintelligentdabidjan.info\/news\/wp-json\/wp\/v2\/media?parent=35713"}],"wp:term":[{"taxonomy":"category","embeddable":true,"href":"https:\/\/www.lintelligentdabidjan.info\/news\/wp-json\/wp\/v2\/categories?post=35713"},{"taxonomy":"post_tag","embeddable":true,"href":"https:\/\/www.lintelligentdabidjan.info\/news\/wp-json\/wp\/v2\/tags?post=35713"}],"curies":[{"name":"wp","href":"https:\/\/api.w.org\/{rel}","templated":true}]}}