{"id":35725,"date":"2024-11-11T05:43:50","date_gmt":"2024-11-11T04:43:50","guid":{"rendered":"https:\/\/www.lintelligentdabidjan.info\/news\/?p=35725"},"modified":"2024-11-11T05:44:20","modified_gmt":"2024-11-11T04:44:20","slug":"presidentielle-2025-charles-ble-goude-appelle-la-gauche-politique-ivoirienne-a-sunir","status":"publish","type":"post","link":"https:\/\/www.lintelligentdabidjan.info\/news\/presidentielle-2025-charles-ble-goude-appelle-la-gauche-politique-ivoirienne-a-sunir\/","title":{"rendered":"Pr\u00e9sidentielle 2025:   Charles Bl\u00e9 Goud\u00e9 appelle la gauche politique ivoirienne \u00e0 s\u2019unir"},"content":{"rendered":"<p><em><strong>L\u2019un des invit\u00e9s \u00e0 l\u2019ouverture du 5e congr\u00e8s du Front Populaire Ivoirien  ,le vendredi 8   novembre 2024, \u00e0 Yamoussoukro,  le pr\u00e9sident du Cojep, Charles Bl\u00e9 Goud\u00e9, a, dans sa prise de parole \u00e0 cette occasion, invit\u00e9 toute la gauche politique ivoirienne \u00e0 l&#8217;union sacr\u00e9e pour les batailles \u00e0 venir.<\/strong><\/em><\/p>\n<p>. \u00ab (\u2026) Il nous faut maintenant d\u00e9passer nos ressentiments. Nos ambitions ne sont pas au-dessus de la vie des Ivoiriens. Nous avons cr\u00e9\u00e9 nos partis. Nous sommes engag\u00e9s en politique pour les Ivoiriens. Ils attendent que nous leur redonnions espoir. Puisons le meilleur en nous et ne cherchons pas \u00e0 dire aux autres qu\u2019ils ne sont rien. Ce n\u2019est pas vrai. (\u2026) Chacun a une importance dans ce combat que nous allons mener ensemble. Rassemblons nos forces, nos id\u00e9es, et allons ensemble vers cet horizon que les Ivoiriens attendent depuis longtemps. (\u2026) Ce dont ce pays a besoin en 2025, c\u2019est d\u2019un leader qui a une vision, et non d\u2019un leader qui a une ambition.  a-t-il dit.<\/p>\n<p><strong> Harry Diallo \u00e0 Yamoussoukro    <\/strong><\/p>\n","protected":false},"excerpt":{"rendered":"<p>L\u2019un des invit\u00e9s \u00e0 l\u2019ouverture du 5e congr\u00e8s du Front Populaire Ivoirien ,le vendredi 8 novembre 2024, \u00e0 Yamoussoukro, le pr\u00e9sident du Cojep, Charles Bl\u00e9 Goud\u00e9, a, dans sa prise de parole \u00e0 cette occasion, invit\u00e9 toute la gauche politique ivoirienne \u00e0 l&#8217;union sacr\u00e9e pour les batailles \u00e0 venir. . \u00ab (\u2026) Il nous faut [&hellip;]<\/p>\n","protected":false},"author":4,"featured_media":35726,"comment_status":"closed","ping_status":"closed","sticky":false,"template":"","format":"standard","meta":{"_monsterinsights_skip_tracking":false,"_monsterinsights_sitenote_active":false,"_monsterinsights_sitenote_note":"","_monsterinsights_sitenote_category":0,"footnotes":""},"categories":[2,17],"tags":[150,587,1636,1621],"class_list":["post-35725","post","type-post","status-publish","format-standard","has-post-thumbnail","hentry","category-featured","category-politique","tag-charles-ble-goude","tag-ivoirienne","tag-politique","tag-presidentielle-2025"],"_links":{"self":[{"href":"https:\/\/www.lintelligentdabidjan.info\/news\/wp-json\/wp\/v2\/posts\/35725","targetHints":{"allow":["GET"]}}],"collection":[{"href":"https:\/\/www.lintelligentdabidjan.info\/news\/wp-json\/wp\/v2\/posts"}],"about":[{"href":"https:\/\/www.lintelligentdabidjan.info\/news\/wp-json\/wp\/v2\/types\/post"}],"author":[{"embeddable":true,"href":"https:\/\/www.lintelligentdabidjan.info\/news\/wp-json\/wp\/v2\/users\/4"}],"replies":[{"embeddable":true,"href":"https:\/\/www.lintelligentdabidjan.info\/news\/wp-json\/wp\/v2\/comments?post=35725"}],"version-history":[{"count":1,"href":"https:\/\/www.lintelligentdabidjan.info\/news\/wp-json\/wp\/v2\/posts\/35725\/revisions"}],"predecessor-version":[{"id":35727,"href":"https:\/\/www.lintelligentdabidjan.info\/news\/wp-json\/wp\/v2\/posts\/35725\/revisions\/35727"}],"wp:featuredmedia":[{"embeddable":true,"href":"https:\/\/www.lintelligentdabidjan.info\/news\/wp-json\/wp\/v2\/media\/35726"}],"wp:attachment":[{"href":"https:\/\/www.lintelligentdabidjan.info\/news\/wp-json\/wp\/v2\/media?parent=35725"}],"wp:term":[{"taxonomy":"category","embeddable":true,"href":"https:\/\/www.lintelligentdabidjan.info\/news\/wp-json\/wp\/v2\/categories?post=35725"},{"taxonomy":"post_tag","embeddable":true,"href":"https:\/\/www.lintelligentdabidjan.info\/news\/wp-json\/wp\/v2\/tags?post=35725"}],"curies":[{"name":"wp","href":"https:\/\/api.w.org\/{rel}","templated":true}]}}