{"id":35728,"date":"2024-11-11T05:49:15","date_gmt":"2024-11-11T04:49:15","guid":{"rendered":"https:\/\/www.lintelligentdabidjan.info\/news\/?p=35728"},"modified":"2024-11-11T05:49:26","modified_gmt":"2024-11-11T04:49:26","slug":"conseil-regional-du-tonkpi-pourquoi-une-delegation-de-lunion-des-conseillers-regionaux-de-cote-divoire-etait-presente","status":"publish","type":"post","link":"https:\/\/www.lintelligentdabidjan.info\/news\/conseil-regional-du-tonkpi-pourquoi-une-delegation-de-lunion-des-conseillers-regionaux-de-cote-divoire-etait-presente\/","title":{"rendered":"Conseil r\u00e9gional du Tonkpi-Pourquoi une d\u00e9l\u00e9gation de l\u2019Union des Conseillers R\u00e9gionaux de C\u00f4te d\u2019Ivoire \u00e9tait pr\u00e9sente"},"content":{"rendered":"<p><em><strong>Une d\u00e9l\u00e9gation de l\u2019Union des Conseillers R\u00e9gionaux de C\u00f4te d\u2019Ivoire (Ucoreci), conduite  par son pr\u00e9sident, le Conseiller Konan Kouam\u00e9 Fabrice, a pris part le vendredi 08 novembre 2024 \u00e0 la r\u00e9union  du conseil  r\u00e9gional du Tonkpi. <\/strong><\/em><\/p>\n<p>Cet \u00e9v\u00e9nement, tenu \u00e0 Man, a permis de renforcer la collaboration interr\u00e9gionale et d\u2019\u00e9tablir des liens solides pour un d\u00e9veloppement harmonieux du pays. Durant cette rencontre, l\u2019Ucoreci a eu l\u2019occasion de se pr\u00e9senter en d\u00e9tail devant les membres du conseil r\u00e9gional du Tonkpi. L\u2019accueil chaleureux r\u00e9serv\u00e9 \u00e0 la d\u00e9l\u00e9gation, orchestr\u00e9 par le ministre Mabri Toikeusse, Pr\u00e9sident de la R\u00e9gion du Tonkpi, t\u00e9moigne de l\u2019esprit de fraternit\u00e9 et de coop\u00e9ration qui anime les collectivit\u00e9s ivoiriennes. L\u2019Ucoreci a  exprim\u00e9 sa gratitude envers tous les participants \u00e0 cet \u00e9v\u00e9nement. Un remerciement particulier a \u00e9t\u00e9 adress\u00e9 au ministre Mabri Toikeusse, dont le soutien constant et l\u2019ouverture ont favoris\u00e9 une atmosph\u00e8re propice aux \u00e9changes. Les conseillers r\u00e9gionaux du Tonkpi ont \u00e9galement \u00e9t\u00e9 salu\u00e9s pour leur esprit de collaboration, soulignant la dynamique positive des relations interr\u00e9gionales.<\/p>\n<p>Deux membres du conseil r\u00e9gional, Monsieur Setin et Madame Digbopieu, ont \u00e9t\u00e9 particuli\u00e8rement remerci\u00e9s pour leur implication et leur soutien ind\u00e9fectible lors de cette session. Leur contribution a \u00e9t\u00e9 jug\u00e9e pr\u00e9cieuse pour la r\u00e9ussite de cette rencontre, marquant ainsi une \u00e9tape importante pour l\u2019avenir des conseils r\u00e9gionaux ivoiriens.<\/p>\n<p>Cette session symbolise un jalon significatif pour l\u2019Ucoreci dans sa mission de promouvoir un d\u00e9veloppement \u00e9quilibr\u00e9 et solidaire entre les r\u00e9gions de C\u00f4te d\u2019Ivoire.<\/p>\n<p><strong>Nambac\u00e9r\u00e9 Jo\u00ebl <\/strong><\/p>\n","protected":false},"excerpt":{"rendered":"<p>Une d\u00e9l\u00e9gation de l\u2019Union des Conseillers R\u00e9gionaux de C\u00f4te d\u2019Ivoire (Ucoreci), conduite par son pr\u00e9sident, le Conseiller Konan Kouam\u00e9 Fabrice, a pris part le vendredi 08 novembre 2024 \u00e0 la r\u00e9union du conseil r\u00e9gional du Tonkpi. Cet \u00e9v\u00e9nement, tenu \u00e0 Man, a permis de renforcer la collaboration interr\u00e9gionale et d\u2019\u00e9tablir des liens solides pour un [&hellip;]<\/p>\n","protected":false},"author":4,"featured_media":35729,"comment_status":"closed","ping_status":"closed","sticky":false,"template":"","format":"standard","meta":{"_monsterinsights_skip_tracking":false,"_monsterinsights_sitenote_active":false,"_monsterinsights_sitenote_note":"","_monsterinsights_sitenote_category":0,"footnotes":""},"categories":[2,17],"tags":[4244,4245,77,1918,963],"class_list":["post-35728","post","type-post","status-publish","format-standard","has-post-thumbnail","hentry","category-featured","category-politique","tag-conseil-regional-du-tonkpi","tag-conseillers-regionaux","tag-cote-divoire","tag-delegation","tag-union"],"_links":{"self":[{"href":"https:\/\/www.lintelligentdabidjan.info\/news\/wp-json\/wp\/v2\/posts\/35728","targetHints":{"allow":["GET"]}}],"collection":[{"href":"https:\/\/www.lintelligentdabidjan.info\/news\/wp-json\/wp\/v2\/posts"}],"about":[{"href":"https:\/\/www.lintelligentdabidjan.info\/news\/wp-json\/wp\/v2\/types\/post"}],"author":[{"embeddable":true,"href":"https:\/\/www.lintelligentdabidjan.info\/news\/wp-json\/wp\/v2\/users\/4"}],"replies":[{"embeddable":true,"href":"https:\/\/www.lintelligentdabidjan.info\/news\/wp-json\/wp\/v2\/comments?post=35728"}],"version-history":[{"count":1,"href":"https:\/\/www.lintelligentdabidjan.info\/news\/wp-json\/wp\/v2\/posts\/35728\/revisions"}],"predecessor-version":[{"id":35730,"href":"https:\/\/www.lintelligentdabidjan.info\/news\/wp-json\/wp\/v2\/posts\/35728\/revisions\/35730"}],"wp:featuredmedia":[{"embeddable":true,"href":"https:\/\/www.lintelligentdabidjan.info\/news\/wp-json\/wp\/v2\/media\/35729"}],"wp:attachment":[{"href":"https:\/\/www.lintelligentdabidjan.info\/news\/wp-json\/wp\/v2\/media?parent=35728"}],"wp:term":[{"taxonomy":"category","embeddable":true,"href":"https:\/\/www.lintelligentdabidjan.info\/news\/wp-json\/wp\/v2\/categories?post=35728"},{"taxonomy":"post_tag","embeddable":true,"href":"https:\/\/www.lintelligentdabidjan.info\/news\/wp-json\/wp\/v2\/tags?post=35728"}],"curies":[{"name":"wp","href":"https:\/\/api.w.org\/{rel}","templated":true}]}}