{"id":35755,"date":"2024-11-12T05:53:49","date_gmt":"2024-11-12T04:53:49","guid":{"rendered":"https:\/\/www.lintelligentdabidjan.info\/news\/?p=35755"},"modified":"2024-11-12T05:54:11","modified_gmt":"2024-11-12T04:54:11","slug":"agboville-le-meerci-mobilise-la-jeunesse-pour-la-revision-de-la-liste-electorale","status":"publish","type":"post","link":"https:\/\/www.lintelligentdabidjan.info\/news\/agboville-le-meerci-mobilise-la-jeunesse-pour-la-revision-de-la-liste-electorale\/","title":{"rendered":"Agboville-Le MEERCI mobilise la jeunesse pour la r\u00e9vision de la liste \u00e9lectorale"},"content":{"rendered":"<p><em><strong>La r\u00e9vision de la liste \u00e9lectorale entam\u00e9e le 19 octobre 2024 est en pleine progression. Le Mouvement des \u00e9l\u00e8ves et \u00e9tudiants r\u00e9publicains de C\u00f4te d&#8217;Ivoire (Meerci), fid\u00e8le \u00e0 son engagement aux c\u00f4t\u00e9s du Rassemblement des Houphou\u00ebtistes pour la D\u00e9mocratie et la Paix (Rhdp), a organis\u00e9 le 9 novembre 2024 une caravane de sensibilisation \u00e0 Agboville.<\/strong><\/em><\/p>\n<p> Cette initiative, plac\u00e9e sous le parrainage de Dao Abdoulaye, pr\u00e9sident de Dao Immobilier, et conduite par  Bakayoko Mamadou, pr\u00e9sident national du Meerci, s\u2019inscrit dans une dynamique visant \u00e0 encourager la jeunesse \u00e0 participer activement \u00e0 la r\u00e9vision \u00e9lectorale. Le Meerci s&#8217;est fix\u00e9 un objectif ambitieux : inscrire 5 000 jeunes sur la liste \u00e9lectorale \u00e0 travers le pays, un chiffre qui s\u2019inscrit dans la vision globale de l\u2019UJ-RHDP d&#8217;enregistrer un million de jeunes avant les \u00e9lections de 2025. Pour Mamadou Bakayoko, pr\u00e9sident du Meerci, chaque inscription est un pas vers une C\u00f4te d\u2019Ivoire stable et prosp\u00e8re : \u00ab Nous, jeunes, avons la responsabilit\u00e9 de b\u00e2tir notre avenir. Le Meerci est l\u00e0 pour rappeler \u00e0 chaque citoyen qu&#8217;il a une voix, et cette voix doit s&#8217;exprimer dans les urnes. \u00bb La caravane, pilot\u00e9e par le Bureau Ex\u00e9cutif National du Meerci et avec la participation de la Coordination Meerci d&#8217;Agboville, a travers\u00e9 plusieurs quartiers importants de la ville, notamment Mak\u00e9bou, Commerce et Justice, Dioulakro, March\u00e9, Sambr\u00e9a, Maquis Bleu, Sokoura, et Ariko ville.  Mamadou Bakayoko a pr\u00e9cis\u00e9 que cette caravane n&#8217;\u00e9tait que le d\u00e9but d\u2019une vaste campagne de sensibilisation : \u00ab Ce n&#8217;est qu&#8217;un d\u00e9but. Nous poursuivrons notre mission pour que chaque citoyen ivoirien prenne part activement \u00e0 la construction de notre d\u00e9mocratie \u00bb , a-t-il ajout\u00e9. Partout o\u00f9 elle est pass\u00e9e, la caravane a rappel\u00e9 aux jeunes l&#8217;importance de leur inscription sur la liste \u00e9lectorale, un acte essentiel pour ceux qui souhaitent jouer un r\u00f4le dans la construction de l\u2019avenir de la C\u00f4te d\u2019Ivoire. <\/p>\n<p>Pour sa part, le ministre Pierre Dimba, coordinateur principal du RHDP dans la r\u00e9gion de l&#8217;Agn\u00e9by-Tiassa, a salu\u00e9 l&#8217;engagement de la coordination locale du Meerci et encourag\u00e9 cette dynamique citoyenne.<\/p>\n<p><strong>Beker Yao avec Sercom<\/strong><\/p>\n","protected":false},"excerpt":{"rendered":"<p>La r\u00e9vision de la liste \u00e9lectorale entam\u00e9e le 19 octobre 2024 est en pleine progression. Le Mouvement des \u00e9l\u00e8ves et \u00e9tudiants r\u00e9publicains de C\u00f4te d&#8217;Ivoire (Meerci), fid\u00e8le \u00e0 son engagement aux c\u00f4t\u00e9s du Rassemblement des Houphou\u00ebtistes pour la D\u00e9mocratie et la Paix (Rhdp), a organis\u00e9 le 9 novembre 2024 une caravane de sensibilisation \u00e0 Agboville. [&hellip;]<\/p>\n","protected":false},"author":4,"featured_media":35756,"comment_status":"closed","ping_status":"closed","sticky":false,"template":"","format":"standard","meta":{"_monsterinsights_skip_tracking":false,"_monsterinsights_sitenote_active":false,"_monsterinsights_sitenote_note":"","_monsterinsights_sitenote_category":0,"footnotes":""},"categories":[2,17],"tags":[255,691,1560,4018,3650],"class_list":["post-35755","post","type-post","status-publish","format-standard","has-post-thumbnail","hentry","category-featured","category-politique","tag-agboville","tag-jeunesse","tag-liste-electorale","tag-meerci","tag-revision"],"_links":{"self":[{"href":"https:\/\/www.lintelligentdabidjan.info\/news\/wp-json\/wp\/v2\/posts\/35755","targetHints":{"allow":["GET"]}}],"collection":[{"href":"https:\/\/www.lintelligentdabidjan.info\/news\/wp-json\/wp\/v2\/posts"}],"about":[{"href":"https:\/\/www.lintelligentdabidjan.info\/news\/wp-json\/wp\/v2\/types\/post"}],"author":[{"embeddable":true,"href":"https:\/\/www.lintelligentdabidjan.info\/news\/wp-json\/wp\/v2\/users\/4"}],"replies":[{"embeddable":true,"href":"https:\/\/www.lintelligentdabidjan.info\/news\/wp-json\/wp\/v2\/comments?post=35755"}],"version-history":[{"count":1,"href":"https:\/\/www.lintelligentdabidjan.info\/news\/wp-json\/wp\/v2\/posts\/35755\/revisions"}],"predecessor-version":[{"id":35757,"href":"https:\/\/www.lintelligentdabidjan.info\/news\/wp-json\/wp\/v2\/posts\/35755\/revisions\/35757"}],"wp:featuredmedia":[{"embeddable":true,"href":"https:\/\/www.lintelligentdabidjan.info\/news\/wp-json\/wp\/v2\/media\/35756"}],"wp:attachment":[{"href":"https:\/\/www.lintelligentdabidjan.info\/news\/wp-json\/wp\/v2\/media?parent=35755"}],"wp:term":[{"taxonomy":"category","embeddable":true,"href":"https:\/\/www.lintelligentdabidjan.info\/news\/wp-json\/wp\/v2\/categories?post=35755"},{"taxonomy":"post_tag","embeddable":true,"href":"https:\/\/www.lintelligentdabidjan.info\/news\/wp-json\/wp\/v2\/tags?post=35755"}],"curies":[{"name":"wp","href":"https:\/\/api.w.org\/{rel}","templated":true}]}}