{"id":35767,"date":"2024-11-13T05:39:47","date_gmt":"2024-11-13T04:39:47","guid":{"rendered":"https:\/\/www.lintelligentdabidjan.info\/news\/?p=35767"},"modified":"2024-11-13T05:40:06","modified_gmt":"2024-11-13T04:40:06","slug":"lintelligent-en-pdf-enjeux-electoraux-a-odienne-la-reponse-dadama-kamara-a-tidjane-thiam","status":"publish","type":"post","link":"https:\/\/www.lintelligentdabidjan.info\/news\/lintelligent-en-pdf-enjeux-electoraux-a-odienne-la-reponse-dadama-kamara-a-tidjane-thiam\/","title":{"rendered":"L&#8217;Intelligent en PDF:   Enjeux \u00e9lectoraux \u00e0 Odienn\u00e9  La r\u00e9ponse d\u2019Adama  Kamara \u00e0 Tidjane Thiam"},"content":{"rendered":"<p><strong>Dans le cadre de la r\u00e9vision de la liste \u00e9lectorale en C\u00f4te d\u2019Ivoire, une mobilisation politique a pris place \u00e0 Odienn\u00e9, marqu\u00e9e par la visite de Tidjane Thiam, pr\u00e9sident du PDCI d\u2019une part , et d\u2019autre part, par des actions de mobilisation initi\u00e9e par Adama Camara.<\/strong><\/p>\n<p>Le dimanche 11 novembre 2024, le pr\u00e9sident du PDCI-RDA, Tidjane Thiam, a effectu\u00e9 une visite \u00e0 Odienn\u00e9, au cours de laquelle il s&#8217;est rendu dans plusieurs centres d&#8217;enr\u00f4lement pour la liste \u00e9lectorale. Le RHDP a r\u00e9agi rapidement par la voix d&#8217;Adama Kamara. Quelle a \u00e9t\u00e9 la r\u00e9ponse d&#8217;Adama Kamara \u00e0 cette visite de Tidjane Thiam \u00e0 Odienn\u00e9 ?<\/p>\n<p>Article \u00e0 d\u00e9couvrir dans vos kiosques et en ligne sur<\/p>\n<p><a href=\"https:\/\/news.abidjan.net\/titrologie\/39-lintelligent-dabidjan\/articles\" target=\"_blank\">https:\/\/news.abidjan.net\/titrologie\/39-lintelligent-dabidjan\/articles<\/a><\/p>\n<p>\u00c0 lire aussi Ti\u00e9moko KON\u00c9 pour le respect des engagements sur les changements climatiques, des familles vuln\u00e9rables soulag\u00e9es \u00e0 Divo \u00e0 l&#8217;initiative de Famoussa Coulibaly et de ses partenaires, ce que Kafana, Kandia et Adom ont dit au Forum de la Diaspora ivoirienne 2024, Ti\u00e9moko Yad\u00e9 Coulibaly livre les secrets de sa r\u00e9ussite dans &#8220;La main de Dieu&#8221;, que dit le partenariat entre Sidi Tour\u00e9 et Belmonde Dogo au niveau de l&#8217;autonomisation des populations vuln\u00e9rables et Lu pour vous sur \u00ab MANSA SOUNDIATA KEITA, LE SERMANT \u00bb PAR MAMADOU DJIBO BAANE-BADIKIRANE.<\/p>\n<p>Cliquez pour les d\u00e9tails<\/p>\n<p><a href=\"https:\/\/www.afrikipresse.fr\/abonnement\" target=\"_blank\">https:\/\/www.afrikipresse.fr\/abonnement<\/a><\/p>\n<p>\u00c0 voir \u00e9galement La lettre d\u2019Am\u00e9rique qui \u00e9voque les \u00e9v\u00e9nements marquants de l\u2019actualit\u00e9 aux Etats unis, \u00e0 la COP 29 en Azerba\u00efdjan, au S\u00e9n\u00e9gal et en C\u00f4te d&#8217;Ivoire et le lancement du tournoi Love Bingerville.<\/p>\n<p><a href=\"https:\/\/www.pressecotedivoire.ci\/titrologie\" target=\"_blank\">https:\/\/www.pressecotedivoire.ci\/titrologie<\/a><\/p>\n","protected":false},"excerpt":{"rendered":"<p>Dans le cadre de la r\u00e9vision de la liste \u00e9lectorale en C\u00f4te d\u2019Ivoire, une mobilisation politique a pris place \u00e0 Odienn\u00e9, marqu\u00e9e par la visite de Tidjane Thiam, pr\u00e9sident du PDCI d\u2019une part , et d\u2019autre part, par des actions de mobilisation initi\u00e9e par Adama Camara. Le dimanche 11 novembre 2024, le pr\u00e9sident du PDCI-RDA, [&hellip;]<\/p>\n","protected":false},"author":4,"featured_media":35768,"comment_status":"closed","ping_status":"closed","sticky":false,"template":"","format":"standard","meta":{"_monsterinsights_skip_tracking":false,"_monsterinsights_sitenote_active":false,"_monsterinsights_sitenote_note":"","_monsterinsights_sitenote_category":0,"footnotes":""},"categories":[2,3],"tags":[],"class_list":["post-35767","post","type-post","status-publish","format-standard","has-post-thumbnail","hentry","category-featured","category-societe"],"_links":{"self":[{"href":"https:\/\/www.lintelligentdabidjan.info\/news\/wp-json\/wp\/v2\/posts\/35767","targetHints":{"allow":["GET"]}}],"collection":[{"href":"https:\/\/www.lintelligentdabidjan.info\/news\/wp-json\/wp\/v2\/posts"}],"about":[{"href":"https:\/\/www.lintelligentdabidjan.info\/news\/wp-json\/wp\/v2\/types\/post"}],"author":[{"embeddable":true,"href":"https:\/\/www.lintelligentdabidjan.info\/news\/wp-json\/wp\/v2\/users\/4"}],"replies":[{"embeddable":true,"href":"https:\/\/www.lintelligentdabidjan.info\/news\/wp-json\/wp\/v2\/comments?post=35767"}],"version-history":[{"count":1,"href":"https:\/\/www.lintelligentdabidjan.info\/news\/wp-json\/wp\/v2\/posts\/35767\/revisions"}],"predecessor-version":[{"id":35769,"href":"https:\/\/www.lintelligentdabidjan.info\/news\/wp-json\/wp\/v2\/posts\/35767\/revisions\/35769"}],"wp:featuredmedia":[{"embeddable":true,"href":"https:\/\/www.lintelligentdabidjan.info\/news\/wp-json\/wp\/v2\/media\/35768"}],"wp:attachment":[{"href":"https:\/\/www.lintelligentdabidjan.info\/news\/wp-json\/wp\/v2\/media?parent=35767"}],"wp:term":[{"taxonomy":"category","embeddable":true,"href":"https:\/\/www.lintelligentdabidjan.info\/news\/wp-json\/wp\/v2\/categories?post=35767"},{"taxonomy":"post_tag","embeddable":true,"href":"https:\/\/www.lintelligentdabidjan.info\/news\/wp-json\/wp\/v2\/tags?post=35767"}],"curies":[{"name":"wp","href":"https:\/\/api.w.org\/{rel}","templated":true}]}}