{"id":35783,"date":"2024-11-18T06:20:56","date_gmt":"2024-11-18T05:20:56","guid":{"rendered":"https:\/\/www.lintelligentdabidjan.info\/news\/?p=35783"},"modified":"2024-11-18T06:21:36","modified_gmt":"2024-11-18T05:21:36","slug":"lieutenant-colonel-kouame-bertin-a-loccasion-de-la-jnp-2024-a-gonate-planter-un-arbre-cest-proteger-nos-vies-nos-ressources-et-notre-avenir","status":"publish","type":"post","link":"https:\/\/www.lintelligentdabidjan.info\/news\/lieutenant-colonel-kouame-bertin-a-loccasion-de-la-jnp-2024-a-gonate-planter-un-arbre-cest-proteger-nos-vies-nos-ressources-et-notre-avenir\/","title":{"rendered":"Lieutenant-colonel Kouam\u00e9 Bertin \u00e0 l&#8217;occasion de la JNP 2024 \u00e0 Gonat\u00e9:  \u00ab Planter un arbre, c\u2019est prot\u00e9ger nos vies, nos ressources et notre avenir &#8220;"},"content":{"rendered":"<p><em><strong>\u00ab Planter un arbre, c\u2019est prot\u00e9ger nos vies, nos ressources et notre avenir \u00bb, a d\u00e9clar\u00e9 le lieutenant-colonel Kouam\u00e9 Bertin, directeur d\u00e9partemental des Eaux et For\u00eats de Vavoua, lors de la c\u00e9r\u00e9monie de plantation d\u2019arbres organis\u00e9e \u00e0 Gonat\u00e9, le vendredi 15 novembre 2024.<\/strong><\/em><\/p>\n<p>\u00c0 l\u2019occasion de la Journ\u00e9e Nationale de la Paix, le repr\u00e9sentant du directeur r\u00e9gional des Eaux et For\u00eats a exhort\u00e9 la population \u00e0 s\u2019engager activement dans la lutte contre la d\u00e9forestation, une menace majeure pour la C\u00f4te d\u2019Ivoire.<\/p>\n<p>Rappelant que le pays a perdu plus de 13 millions d\u2019hectares de for\u00eats en quelques d\u00e9cennies, le lieutenant-colonel Kouam\u00e9 Bertin a soulign\u00e9 l\u2019urgence d\u2019une action imm\u00e9diate : \u00ab Si nous continuons sur cette lanc\u00e9e, nos for\u00eats pourraient dispara\u00eetre compl\u00e8tement dans les ann\u00e9es \u00e0 venir. Les cons\u00e9quences sont d\u00e9j\u00e0 perceptibles : baisse de la production agricole, catastrophes naturelles, perte de biodiversit\u00e9 et aggravation des changements climatiques. \u00bb<\/p>\n<p>En d\u00e9signant les causes principales  agriculture extensive, exploitation ill\u00e9gale des for\u00eats, urbanisation anarchique et orpaillage clandestin , il a insist\u00e9 sur la n\u00e9cessit\u00e9 d\u2019une mobilisation collective, notamment \u00e0 travers des initiatives de reboisement.<\/p>\n<p>Le lieutenant-colonel a \u00e9galement rappel\u00e9 l\u2019objectif fix\u00e9 par le gouvernement ivoirien : restaurer 20 % du couvert forestier national d\u2019ici 2030.<\/p>\n<p>\u00ab Le Conseil des ministres a adopt\u00e9 en mai 2018 une politique de pr\u00e9servation, de r\u00e9habilitation et d\u2019extension des for\u00eats. \u00c0 six ans de l\u2019\u00e9ch\u00e9ance, nous devons redoubler d\u2019efforts pour atteindre cet objectif. Reboiser est un devoir citoyen qui engage tous les acteurs de la soci\u00e9t\u00e9. \u00bb<\/p>\n<p>Il a invit\u00e9 les populations \u00e0 int\u00e9grer le reboisement dans leur quotidien, en soulignant ses multiples b\u00e9n\u00e9fices : protection des ressources en eau, am\u00e9lioration de la qualit\u00e9 de l\u2019air, pr\u00e9servation de la biodiversit\u00e9 et lutte contre les effets du changement climatique.<\/p>\n<p>Repr\u00e9sentant le pr\u00e9fet de la r\u00e9gion du Haut-Sassandra, Yaya Bamba, Secr\u00e9taire G\u00e9n\u00e9ral de la Pr\u00e9fecture, a rappel\u00e9 que la paix et la pr\u00e9servation de l\u2019environnement sont indissociables :<br \/>\n \u00ab La paix durable repose sur un environnement sain. C\u2019est un h\u00e9ritage que nous devons transmettre aux g\u00e9n\u00e9rations futures. \u00bb<\/p>\n<p>Encourageant une mobilisation collective, il a invit\u00e9 les Ivoiriens \u00e0 devenir des ambassadeurs de la paix et des protecteurs de la nature pour b\u00e2tir un avenir plus vert et plus \u00e9quilibr\u00e9.<br \/>\n\u00ab Que cette journ\u00e9e soit une source d\u2019inspiration pour chacun d\u2019entre nous. Ensemble, r\u00e9tablissons l\u2019\u00e9quilibre entre l\u2019homme et la nature. \u00bb<\/p>\n<p>Sur une parcelle de 1,5 hectare, des plants de teck blanc ont \u00e9t\u00e9 mis en terre au Centre catholique de formation Professionnelle de Gonat\u00e9. <\/p>\n<p>Ce geste, soutenu par les autorit\u00e9s administratives, les chefs traditionnels, les guides religieux et les associations locales, symbolise un engagement collectif pour l\u2019environnement et la paix.<\/p>\n<p><strong>Beker Yao <\/strong><\/p>\n","protected":false},"excerpt":{"rendered":"<p>\u00ab Planter un arbre, c\u2019est prot\u00e9ger nos vies, nos ressources et notre avenir \u00bb, a d\u00e9clar\u00e9 le lieutenant-colonel Kouam\u00e9 Bertin, directeur d\u00e9partemental des Eaux et For\u00eats de Vavoua, lors de la c\u00e9r\u00e9monie de plantation d\u2019arbres organis\u00e9e \u00e0 Gonat\u00e9, le vendredi 15 novembre 2024. \u00c0 l\u2019occasion de la Journ\u00e9e Nationale de la Paix, le repr\u00e9sentant du [&hellip;]<\/p>\n","protected":false},"author":4,"featured_media":35784,"comment_status":"closed","ping_status":"closed","sticky":false,"template":"","format":"standard","meta":{"_monsterinsights_skip_tracking":false,"_monsterinsights_sitenote_active":false,"_monsterinsights_sitenote_note":"","_monsterinsights_sitenote_category":0,"footnotes":""},"categories":[2,3],"tags":[4269,4265,4267,4266,4264,4268,2193,4271,4270],"class_list":["post-35783","post","type-post","status-publish","format-standard","has-post-thumbnail","hentry","category-featured","category-societe","tag-arbre","tag-colonel-kouame-bertin","tag-gonate","tag-jnp-2024","tag-lieutenant","tag-planter","tag-proteger","tag-ressources","tag-vies"],"_links":{"self":[{"href":"https:\/\/www.lintelligentdabidjan.info\/news\/wp-json\/wp\/v2\/posts\/35783","targetHints":{"allow":["GET"]}}],"collection":[{"href":"https:\/\/www.lintelligentdabidjan.info\/news\/wp-json\/wp\/v2\/posts"}],"about":[{"href":"https:\/\/www.lintelligentdabidjan.info\/news\/wp-json\/wp\/v2\/types\/post"}],"author":[{"embeddable":true,"href":"https:\/\/www.lintelligentdabidjan.info\/news\/wp-json\/wp\/v2\/users\/4"}],"replies":[{"embeddable":true,"href":"https:\/\/www.lintelligentdabidjan.info\/news\/wp-json\/wp\/v2\/comments?post=35783"}],"version-history":[{"count":1,"href":"https:\/\/www.lintelligentdabidjan.info\/news\/wp-json\/wp\/v2\/posts\/35783\/revisions"}],"predecessor-version":[{"id":35785,"href":"https:\/\/www.lintelligentdabidjan.info\/news\/wp-json\/wp\/v2\/posts\/35783\/revisions\/35785"}],"wp:featuredmedia":[{"embeddable":true,"href":"https:\/\/www.lintelligentdabidjan.info\/news\/wp-json\/wp\/v2\/media\/35784"}],"wp:attachment":[{"href":"https:\/\/www.lintelligentdabidjan.info\/news\/wp-json\/wp\/v2\/media?parent=35783"}],"wp:term":[{"taxonomy":"category","embeddable":true,"href":"https:\/\/www.lintelligentdabidjan.info\/news\/wp-json\/wp\/v2\/categories?post=35783"},{"taxonomy":"post_tag","embeddable":true,"href":"https:\/\/www.lintelligentdabidjan.info\/news\/wp-json\/wp\/v2\/tags?post=35783"}],"curies":[{"name":"wp","href":"https:\/\/api.w.org\/{rel}","templated":true}]}}