{"id":35795,"date":"2024-11-18T06:37:11","date_gmt":"2024-11-18T05:37:11","guid":{"rendered":"https:\/\/www.lintelligentdabidjan.info\/news\/?p=35795"},"modified":"2024-11-18T06:38:16","modified_gmt":"2024-11-18T05:38:16","slug":"bouake-mise-sous-tension-a-oko-farhis-la-population-salue-les-efforts-du-president-alassane-ouattara","status":"publish","type":"post","link":"https:\/\/www.lintelligentdabidjan.info\/news\/bouake-mise-sous-tension-a-oko-farhis-la-population-salue-les-efforts-du-president-alassane-ouattara\/","title":{"rendered":"Bouak\u00e9 &#8211; Mise sous tension \u00e0 Oko Farhis : la population salue les efforts du Pr\u00e9sident Alassane Ouattara"},"content":{"rendered":"<p><em><strong>Apr\u00e8s la mise sous tension effective du village d&#8217;Oko Farhis le 3 f\u00e9vrier 2021 et l&#8217;illumination officielle le 4 f\u00e9vrier 2021 par les agents de la CIE et de C\u00f4te d&#8217;Ivoire \u00c9nergies, une c\u00e9r\u00e9monie symbolique a eu lieu le 16 novembre 2024. Organis\u00e9e en marge de l&#8217;intronisation de Nanan Cra Yao Timoth\u00e9e, nouveau chef du village, cette c\u00e9r\u00e9monie a rassembl\u00e9 de nombreux cadres de la localit\u00e9. La population d&#8217;Oko Farhis a exprim\u00e9 sa gratitude envers le Pr\u00e9sident Alassane Ouattara, dont l&#8217;initiative d&#8217;\u00e9lectrification marque un tournant dans le d\u00e9veloppement du village.<\/strong><\/em><\/p>\n<p>\u00ab Le Pr\u00e9sident a apport\u00e9 la lumi\u00e8re \u00e0 notre village, illuminant nos vies et ouvrant de nouvelles perspectives pour notre avenir. Son initiative de doter notre communaut\u00e9 d&#8217;un r\u00e9seau d&#8217;\u00e9clairage public t\u00e9moigne de son engagement pour le d\u00e9veloppement des zones rurales. Gr\u00e2ce \u00e0 lui, nous b\u00e9n\u00e9ficions d\u00e9sormais d&#8217;une infrastructure qui am\u00e9liore la qualit\u00e9 de vie de nos habitants. Nous lui sommes profond\u00e9ment reconnaissants et nous nous engageons \u00e0 valoriser cet investissement pour le bien de toute la communaut\u00e9. Merci, M. le Pr\u00e9sident, pour votre vision, votre leadership et votre souci constant de l&#8217;am\u00e9lioration des conditions de vie de tous les citoyens \u00bb, a d\u00e9clar\u00e9 Oussou Olivier Charles Koffi, responsable des affaires administratives de la Mutuelle de D\u00e9veloppement d&#8217;Oko Farhis (MUDOF).<\/p>\n<p>Pour lui, cette lumi\u00e8re repr\u00e9sente un symbole puissant de transformation, illuminant la vie des familles et guidant les pas de la communaut\u00e9.<\/p>\n<p>Cette action s&#8217;inscrit dans la continuit\u00e9 de la mission du nouveau chef du village. \u00ab Apr\u00e8s l&#8217;\u00e9lectricit\u00e9, nous allons \u0153uvrer pour d&#8217;autres projets en faveur de mon peuple. Je les invite donc \u00e0 s&#8217;unir pour faciliter cette mission \u00bb, a souhait\u00e9 Nanan Cra Yao Timoth\u00e9e.<\/p>\n<p>Le maire de Brobo, Louis Kouakou Habonouan, \u00e9galement pr\u00e9sident du conseil d&#8217;administration de l&#8217;ONEP et parrain de la c\u00e9r\u00e9monie, a salu\u00e9 le Pr\u00e9sident pour son engagement. \u00ab Le Pr\u00e9sident Ouattara est un homme de parole. Lorsqu&#8217;il est arriv\u00e9 au pouvoir, il a promis de d\u00e9velopper l\u2019\u00e9lectrification des villages. Aujourd&#8217;hui, nous voyons que cette promesse est tenue, et bient\u00f4t la C\u00f4te d&#8217;Ivoire atteindra un taux d&#8217;\u00e9lectrification de 100 % \u00bb, a-t-il d\u00e9clar\u00e9.<\/p>\n<p>Il a profit\u00e9 de l&#8217;occasion pour rassurer la population sur l&#8217;arriv\u00e9e de nouveaux projets de d\u00e9veloppement dans le village, en commen\u00e7ant par l&#8217;acc\u00e8s \u00e0 l&#8217;eau potable pour all\u00e9ger les difficult\u00e9s des villageois.<\/p>\n<p><strong>Nambac\u00e9r\u00e9 Jo\u00ebl <\/strong><\/p>\n","protected":false},"excerpt":{"rendered":"<p>Apr\u00e8s la mise sous tension effective du village d&#8217;Oko Farhis le 3 f\u00e9vrier 2021 et l&#8217;illumination officielle le 4 f\u00e9vrier 2021 par les agents de la CIE et de C\u00f4te d&#8217;Ivoire \u00c9nergies, une c\u00e9r\u00e9monie symbolique a eu lieu le 16 novembre 2024. Organis\u00e9e en marge de l&#8217;intronisation de Nanan Cra Yao Timoth\u00e9e, nouveau chef du [&hellip;]<\/p>\n","protected":false},"author":4,"featured_media":35796,"comment_status":"closed","ping_status":"closed","sticky":false,"template":"","format":"standard","meta":{"_monsterinsights_skip_tracking":false,"_monsterinsights_sitenote_active":false,"_monsterinsights_sitenote_note":"","_monsterinsights_sitenote_category":0,"footnotes":""},"categories":[2,3],"tags":[3313,3949,4274],"class_list":["post-35795","post","type-post","status-publish","format-standard","has-post-thumbnail","hentry","category-featured","category-societe","tag-dabakala","tag-departement","tag-sous-tension-doko-farhis"],"_links":{"self":[{"href":"https:\/\/www.lintelligentdabidjan.info\/news\/wp-json\/wp\/v2\/posts\/35795","targetHints":{"allow":["GET"]}}],"collection":[{"href":"https:\/\/www.lintelligentdabidjan.info\/news\/wp-json\/wp\/v2\/posts"}],"about":[{"href":"https:\/\/www.lintelligentdabidjan.info\/news\/wp-json\/wp\/v2\/types\/post"}],"author":[{"embeddable":true,"href":"https:\/\/www.lintelligentdabidjan.info\/news\/wp-json\/wp\/v2\/users\/4"}],"replies":[{"embeddable":true,"href":"https:\/\/www.lintelligentdabidjan.info\/news\/wp-json\/wp\/v2\/comments?post=35795"}],"version-history":[{"count":1,"href":"https:\/\/www.lintelligentdabidjan.info\/news\/wp-json\/wp\/v2\/posts\/35795\/revisions"}],"predecessor-version":[{"id":35797,"href":"https:\/\/www.lintelligentdabidjan.info\/news\/wp-json\/wp\/v2\/posts\/35795\/revisions\/35797"}],"wp:featuredmedia":[{"embeddable":true,"href":"https:\/\/www.lintelligentdabidjan.info\/news\/wp-json\/wp\/v2\/media\/35796"}],"wp:attachment":[{"href":"https:\/\/www.lintelligentdabidjan.info\/news\/wp-json\/wp\/v2\/media?parent=35795"}],"wp:term":[{"taxonomy":"category","embeddable":true,"href":"https:\/\/www.lintelligentdabidjan.info\/news\/wp-json\/wp\/v2\/categories?post=35795"},{"taxonomy":"post_tag","embeddable":true,"href":"https:\/\/www.lintelligentdabidjan.info\/news\/wp-json\/wp\/v2\/tags?post=35795"}],"curies":[{"name":"wp","href":"https:\/\/api.w.org\/{rel}","templated":true}]}}