{"id":35816,"date":"2024-11-18T07:01:00","date_gmt":"2024-11-18T06:01:00","guid":{"rendered":"https:\/\/www.lintelligentdabidjan.info\/news\/?p=35816"},"modified":"2024-11-18T07:01:23","modified_gmt":"2024-11-18T06:01:23","slug":"enrolement-des-nouveaux-majeurs-le-mfa-mobilise-et-reclame-sa-place-dans-le-rhdp","status":"publish","type":"post","link":"https:\/\/www.lintelligentdabidjan.info\/news\/enrolement-des-nouveaux-majeurs-le-mfa-mobilise-et-reclame-sa-place-dans-le-rhdp\/","title":{"rendered":"Enr\u00f4lement des nouveaux majeurs-  Le MFA mobilise et r\u00e9clame sa place dans le RHDP"},"content":{"rendered":"<p><em><strong>Le Mouvement des Forces d\u2019Avenir (MFA) a rencontr\u00e9 ses militants de base le samedi 16 novembre 2024, sur le terrain de Gesco \u00e0 Abidjan-Yopougon.<\/strong><\/em><\/p>\n<p>Selon D\u00e9roche Meless, secr\u00e9taire g\u00e9n\u00e9ral national du MFA, cette activit\u00e9 visait \u00e0 exprimer la gratitude de la direction du  parti  envers tous les militants et militantes ayant particip\u00e9 \u00e0 l\u2019enr\u00f4lement des nouveaux majeurs sur la liste \u00e9lectorale. \u00ab C\u2019\u00e9tait un appel de la Nation auquel il \u00e9tait imp\u00e9ratif de r\u00e9pondre. Ainsi, le pr\u00e9sident Yaya Fofana a mobilis\u00e9 toutes les instances du parti pour enr\u00f4ler ces nouveaux majeurs et garantir la victoire de notre candidat \u00e0 l\u2019\u00e9lection pr\u00e9sidentielle, le candidat du RHDP \u00bb, a-t-il d\u00e9clar\u00e9.<\/p>\n<p>Le secr\u00e9taire g\u00e9n\u00e9ral a \u00e9galement annonc\u00e9 que plus de 2 000 nouveaux majeurs ont d\u00e9j\u00e0 \u00e9t\u00e9 enr\u00f4l\u00e9s. Bien qu\u2019il ne dispose pas encore de tous les chiffres d\u00e9finitifs, il s\u2019est montr\u00e9 optimiste quant \u00e0 l\u2019objectif d\u2019atteindre entre 100 000 et 200 000 enr\u00f4l\u00e9s.<\/p>\n<p>Par ailleurs, D\u00e9roche Meless a profit\u00e9 de cette rencontre pour clarifier que le MFA n\u2019est ni un opposant ni en conflit avec le RHDP, mais souhaite que les responsables du RHDP prennent davantage en consid\u00e9ration le MFA et ses militants. \u00ab Le MFA est membre du RHDP depuis le 18 mai 2005, \u00e0 Paris. Cependant, depuis 2021, nous ressentons une certaine exclusion. \u00catre dans un parti suppose de tenir compte des attentes de ses militants. Bien que nous soyons unifi\u00e9s, cela ne signifie pas que nos sensibilit\u00e9s ont disparu. Aujourd\u2019hui, nous n\u2019avons pas de r\u00e9f\u00e9rent clair au sein du RHDP, ce qui fatigue nos militants et cr\u00e9e de l\u2019incertitude. Beaucoup de nos membres n\u2019occupent pas de position au sein du RHDP alors qu\u2019ils s\u2019identifient \u00e0 ce parti. Nous appelons donc \u00e0 des n\u00e9gociations pour int\u00e9grer toutes ces personnes non repr\u00e9sent\u00e9es, car le RHDP est notre projet commun, notre b\u00e9b\u00e9 \u00bb, a-t-il ajout\u00e9.<\/p>\n<p><strong>Ibrahim Khalil<\/strong><\/p>\n","protected":false},"excerpt":{"rendered":"<p>Le Mouvement des Forces d\u2019Avenir (MFA) a rencontr\u00e9 ses militants de base le samedi 16 novembre 2024, sur le terrain de Gesco \u00e0 Abidjan-Yopougon. Selon D\u00e9roche Meless, secr\u00e9taire g\u00e9n\u00e9ral national du MFA, cette activit\u00e9 visait \u00e0 exprimer la gratitude de la direction du parti envers tous les militants et militantes ayant particip\u00e9 \u00e0 l\u2019enr\u00f4lement des [&hellip;]<\/p>\n","protected":false},"author":4,"featured_media":35817,"comment_status":"closed","ping_status":"closed","sticky":false,"template":"","format":"standard","meta":{"_monsterinsights_skip_tracking":false,"_monsterinsights_sitenote_active":false,"_monsterinsights_sitenote_note":"","_monsterinsights_sitenote_category":0,"footnotes":""},"categories":[2,17],"tags":[277,144],"class_list":["post-35816","post","type-post","status-publish","format-standard","has-post-thumbnail","hentry","category-featured","category-politique","tag-mfa","tag-rhdp"],"_links":{"self":[{"href":"https:\/\/www.lintelligentdabidjan.info\/news\/wp-json\/wp\/v2\/posts\/35816","targetHints":{"allow":["GET"]}}],"collection":[{"href":"https:\/\/www.lintelligentdabidjan.info\/news\/wp-json\/wp\/v2\/posts"}],"about":[{"href":"https:\/\/www.lintelligentdabidjan.info\/news\/wp-json\/wp\/v2\/types\/post"}],"author":[{"embeddable":true,"href":"https:\/\/www.lintelligentdabidjan.info\/news\/wp-json\/wp\/v2\/users\/4"}],"replies":[{"embeddable":true,"href":"https:\/\/www.lintelligentdabidjan.info\/news\/wp-json\/wp\/v2\/comments?post=35816"}],"version-history":[{"count":1,"href":"https:\/\/www.lintelligentdabidjan.info\/news\/wp-json\/wp\/v2\/posts\/35816\/revisions"}],"predecessor-version":[{"id":35818,"href":"https:\/\/www.lintelligentdabidjan.info\/news\/wp-json\/wp\/v2\/posts\/35816\/revisions\/35818"}],"wp:featuredmedia":[{"embeddable":true,"href":"https:\/\/www.lintelligentdabidjan.info\/news\/wp-json\/wp\/v2\/media\/35817"}],"wp:attachment":[{"href":"https:\/\/www.lintelligentdabidjan.info\/news\/wp-json\/wp\/v2\/media?parent=35816"}],"wp:term":[{"taxonomy":"category","embeddable":true,"href":"https:\/\/www.lintelligentdabidjan.info\/news\/wp-json\/wp\/v2\/categories?post=35816"},{"taxonomy":"post_tag","embeddable":true,"href":"https:\/\/www.lintelligentdabidjan.info\/news\/wp-json\/wp\/v2\/tags?post=35816"}],"curies":[{"name":"wp","href":"https:\/\/api.w.org\/{rel}","templated":true}]}}