{"id":35822,"date":"2024-11-18T07:12:54","date_gmt":"2024-11-18T06:12:54","guid":{"rendered":"https:\/\/www.lintelligentdabidjan.info\/news\/?p=35822"},"modified":"2024-11-18T07:13:21","modified_gmt":"2024-11-18T06:13:21","slug":"les-frontieres-du-nord-de-mieux-en-mieux-securisees","status":"publish","type":"post","link":"https:\/\/www.lintelligentdabidjan.info\/news\/les-frontieres-du-nord-de-mieux-en-mieux-securisees\/","title":{"rendered":"Les fronti\u00e8res du Nord de mieux en mieux s\u00e9curis\u00e9es"},"content":{"rendered":"<p><em><strong>Contrairement \u00e0 ses voisins, la C\u00f4te d\u2019ivoire est \u00e9pargn\u00e9e par les attentats depuis plusieurs ann\u00e9es sur son sol. Notamment en raison du renforcement du dispositif de s\u00e9curit\u00e9 dans les r\u00e9gions du Nord, du raffermissement des coop\u00e9rations internationales et de la multiplication des programmes \u00e9conomiques et sociaux.<\/strong><\/em><\/p>\n<p>Bien que les groupes extr\u00e9mistes violents n\u2019aient pas disparu et demeurent actifs dans le sud du Burkina Faso et dans le sud Mali, les r\u00e9gions Nord de la C\u00f4te d\u2019Ivoire connaissent une p\u00e9riode de calme relatif depuis plusieurs mois. La r\u00e9forme des arm\u00e9es effectu\u00e9e au lendemain de l\u2019attentat de Grand-Bassam a port\u00e9 ses fruits. La composition ethnique et r\u00e9gionale de l\u2019arm\u00e9e est aujourd\u2019hui beaucoup plus \u00e9quilibr\u00e9e qu\u2019il y a dix ans, ce qui a contribu\u00e9 \u00e0 renforcer le sentiment patriotique. Le gouvernement a d\u00e9clar\u00e9 le nord du pays \u00ab zone militaire \u00bb et a envoy\u00e9 des forces suppl\u00e9mentaires dans la r\u00e9gion, notamment des unit\u00e9s antiterroristes de l\u2019arm\u00e9e, de la police et de la gendarmerie (3 000 hommes environ). L\u2019\u00e9tablissement d\u2019un commandement militaire central \u00e0 Korhogoour pour coordonner les diff\u00e9rentes forces pr\u00e9sentes dans la r\u00e9gion, le renforcement de la s\u00e9curit\u00e9 aux fronti\u00e8res et l\u2019augmentation de la surveillance a\u00e9rienne ont aid\u00e9 au  recul de l\u2019influence et des incursions terroristes au nord du pays. L\u2019installation de la grande base militaire de Kafolo contribue \u00e9galement \u00e0 endiguer la menace et la contagion djihadiste.<\/p>\n<p><strong>Partage de renseignements<\/strong><\/p>\n<p>Le pouvoir central peut compter sur ses alli\u00e9s pour s\u00e9curiser les fronti\u00e8res du nord. C\u2019est le cas avec les \u00c9tats-Unis En juillet dernier, Abidjan a donn\u00e9 son feu vert \u00e0 la cr\u00e9ation d\u2019une base am\u00e9ricaine \u00e0 Odienn\u00e9, dans le Nord-Ouest, o\u00f9 les groupes djihadistes sah\u00e9liens menacent les pays du golfe de Guin\u00e9e. C\u2019est aussi celui de l\u2019Union europ\u00e9enne qui a d\u00e9bloqu\u00e9, en avril dernier, une mesure d&#8217;assistance d&#8217;un montant de 15 millions d&#8217;euros afin de soutenir les forces arm\u00e9es. Cette somme doit renforcer les capacit\u00e9s op\u00e9rationnelles afin de s\u00e9curiser les zones proches des fronti\u00e8res terrestres et de lutter contre les groupes arm\u00e9s non \u00e9tatiques. C\u2019est au cours du m\u00eame mois que le Burkina Faso et la C\u00f4te d\u2019Ivoire ont donn\u00e9 \u00e0 Niangologo (Burkina) un nouveau d\u00e9part \u00e0 leurs relations de coop\u00e9ration militaire, qui avaient \u00e9t\u00e9 mises \u00e0 mal ces derniers mois. Ce renforcement passe en particulier par le partage de renseignements.<\/p>\n<p><strong>Formations r\u00e9mun\u00e9r\u00e9es<\/strong><\/p>\n<p>La s\u00e9curisation du nord du pays serait incompl\u00e8te sans un soutien \u00e9conomique et social aux populations. Depuis plus d\u2019une dizaine d\u2019ann\u00e9es, les r\u00e9gions du Nord b\u00e9n\u00e9ficient d\u2019investissements publics massifs en infrastructures (routes, relais t\u00e9l\u00e9phoniques, a\u00e9rodromes\u2026 ) pour d\u00e9senclaver les zones rurales et stimuler les \u00e9conomies locales. Le gouvernement central qui lutte contre l\u2019orpaillage ill\u00e9gal, qui lui-m\u00eame alimente les groupes terroristes, a mis en place un programme sp\u00e9cial pour le nord qui forme des jeunes peu qualifi\u00e9s et facilite l\u2019acc\u00e8s au cr\u00e9dit pour les associations villageoises et les groupes d\u2019hommes et de femmes qui cherchent \u00e0 cr\u00e9er de petites entreprises. Ce dispositif, PSGouv2, a permis \u00e0 plus de 20 000 jeunes femmes et jeunes hommes de b\u00e9n\u00e9ficier de formations r\u00e9mun\u00e9r\u00e9es de six \u00e0 neuf mois dans de nombreux m\u00e9tiers : menuiserie, couture, coiffure\u2026 Il a aussi permis \u00e0 ces populations d\u2019\u00e9pargner de l\u2019argent et de b\u00e9n\u00e9ficier de cr\u00e9dits \u00e0 taux d\u2019int\u00e9r\u00eat faible ou nul. Et ainsi d\u2019\u00e9viter \u00e0 beaucoup la tentation de rejoindre les rangs de groupes terroristes.<\/p>\n<p><strong>Constantine<\/strong><\/p>\n","protected":false},"excerpt":{"rendered":"<p>Contrairement \u00e0 ses voisins, la C\u00f4te d\u2019ivoire est \u00e9pargn\u00e9e par les attentats depuis plusieurs ann\u00e9es sur son sol. Notamment en raison du renforcement du dispositif de s\u00e9curit\u00e9 dans les r\u00e9gions du Nord, du raffermissement des coop\u00e9rations internationales et de la multiplication des programmes \u00e9conomiques et sociaux. Bien que les groupes extr\u00e9mistes violents n\u2019aient pas disparu [&hellip;]<\/p>\n","protected":false},"author":4,"featured_media":35823,"comment_status":"closed","ping_status":"closed","sticky":false,"template":"","format":"standard","meta":{"_monsterinsights_skip_tracking":false,"_monsterinsights_sitenote_active":false,"_monsterinsights_sitenote_note":"","_monsterinsights_sitenote_category":0,"footnotes":""},"categories":[2,1,3],"tags":[],"class_list":["post-35822","post","type-post","status-publish","format-standard","has-post-thumbnail","hentry","category-featured","category-actualites","category-societe"],"_links":{"self":[{"href":"https:\/\/www.lintelligentdabidjan.info\/news\/wp-json\/wp\/v2\/posts\/35822","targetHints":{"allow":["GET"]}}],"collection":[{"href":"https:\/\/www.lintelligentdabidjan.info\/news\/wp-json\/wp\/v2\/posts"}],"about":[{"href":"https:\/\/www.lintelligentdabidjan.info\/news\/wp-json\/wp\/v2\/types\/post"}],"author":[{"embeddable":true,"href":"https:\/\/www.lintelligentdabidjan.info\/news\/wp-json\/wp\/v2\/users\/4"}],"replies":[{"embeddable":true,"href":"https:\/\/www.lintelligentdabidjan.info\/news\/wp-json\/wp\/v2\/comments?post=35822"}],"version-history":[{"count":1,"href":"https:\/\/www.lintelligentdabidjan.info\/news\/wp-json\/wp\/v2\/posts\/35822\/revisions"}],"predecessor-version":[{"id":35824,"href":"https:\/\/www.lintelligentdabidjan.info\/news\/wp-json\/wp\/v2\/posts\/35822\/revisions\/35824"}],"wp:featuredmedia":[{"embeddable":true,"href":"https:\/\/www.lintelligentdabidjan.info\/news\/wp-json\/wp\/v2\/media\/35823"}],"wp:attachment":[{"href":"https:\/\/www.lintelligentdabidjan.info\/news\/wp-json\/wp\/v2\/media?parent=35822"}],"wp:term":[{"taxonomy":"category","embeddable":true,"href":"https:\/\/www.lintelligentdabidjan.info\/news\/wp-json\/wp\/v2\/categories?post=35822"},{"taxonomy":"post_tag","embeddable":true,"href":"https:\/\/www.lintelligentdabidjan.info\/news\/wp-json\/wp\/v2\/tags?post=35822"}],"curies":[{"name":"wp","href":"https:\/\/api.w.org\/{rel}","templated":true}]}}