{"id":35828,"date":"2024-11-18T07:54:54","date_gmt":"2024-11-18T06:54:54","guid":{"rendered":"https:\/\/www.lintelligentdabidjan.info\/news\/?p=35828"},"modified":"2024-11-18T07:54:58","modified_gmt":"2024-11-18T06:54:58","slug":"presidentielle-2025-mambe-pour-un-scrutin-apaise","status":"publish","type":"post","link":"https:\/\/www.lintelligentdabidjan.info\/news\/presidentielle-2025-mambe-pour-un-scrutin-apaise\/","title":{"rendered":"Pr\u00e9sidentielle 2025-  Mamb\u00e9 pour un  scrutin apais\u00e9"},"content":{"rendered":"<p><em><strong>Mamb\u00e9 a appel\u00e9 \u00e0   une \u00e9lection pr\u00e9sidentielle apais\u00e9e en 2025 lors de la c\u00e9l\u00e9bration officielle de la 28\u1d49 \u00e9dition de la Journ\u00e9e Nationale de la Paix (JNP 2024) \u00e0 Fresco. <\/strong><\/em><\/p>\n<p>Le vendredi 15 novembre 2024, la ville de Fresco, dans le sud-ouest de la C\u00f4te d\u2019Ivoire, a accueilli la c\u00e9l\u00e9bration officielle de la 28\u1d49 \u00e9dition de la Journ\u00e9e Nationale de la Paix (JNP 2024). Lors de cet \u00e9v\u00e9nement, le Premier ministre, ministre des Sports et du Cadre de vie, Robert Beugr\u00e9 Mamb\u00e9, a soulign\u00e9 l\u2019importance cruciale de pr\u00e9server la paix en C\u00f4te d\u2019Ivoire.<\/p>\n<p>\u00ab La paix est un instrument pr\u00e9cieux pour la vie que nous menons ensemble. Elle est synonyme de stabilit\u00e9 et exige une convergence vers un but commun. La paix est une \u0153uvre collective \u00bb, a-t-il d\u00e9clar\u00e9, insistant sur la n\u00e9cessit\u00e9 pour les Ivoiriens de travailler ensemble pour la pr\u00e9server.<\/p>\n<p>Le Chef du gouvernement a \u00e9galement mis en lumi\u00e8re l\u2019attachement du Pr\u00e9sident de la R\u00e9publique \u00e0 la paix et son engagement constant en faveur de sa consolidation. Il a rappel\u00e9 qu\u2019\u00e0 son arriv\u00e9e au pouvoir, le Pr\u00e9sident avait rapidement instaur\u00e9 des structures d\u00e9di\u00e9es \u00e0 la paix et \u00e0 la r\u00e9conciliation, affirmant que \u00ab la paix a \u00e9t\u00e9 sa toute premi\u00e8re pr\u00e9occupation quand Dieu lui a confi\u00e9 ce pays \u00bb et que \u00ab offrir un pays r\u00e9concili\u00e9 \u00e9tait la plus grande chance qu\u2019il pouvait donner aux Ivoiriens \u00bb.<\/p>\n<p>En pr\u00e9sence de plusieurs membres du gouvernement, le Premier ministre a lanc\u00e9 un appel au calme et \u00e0 la s\u00e9r\u00e9nit\u00e9 \u00e0 l\u2019approche de l\u2019\u00e9lection pr\u00e9sidentielle de 2025. Il a soulign\u00e9 que \u00ab les \u00e9lections doivent servir \u00e0 apporter la paix et le bonheur aux Ivoiriens \u00bb.<\/p>\n<p>Avant lui, la ministre de la Coh\u00e9sion nationale, de la Solidarit\u00e9 et de la Lutte contre la Pauvret\u00e9, Myss Belmonde Dogo, avait \u00e9galement pris la parole pour rappeler l\u2019importance de cette journ\u00e9e. Selon elle, \u00ab c\u2019est dans l\u2019union, la solidarit\u00e9 et la paix que se construit le d\u00e9veloppement de toute nation \u00bb, ajoutant que cette c\u00e9l\u00e9bration annuelle vise \u00e0 sensibiliser sur le r\u00f4le fondamental de la paix dans le progr\u00e8s \u00e9conomique et social.<\/p>\n<p>Pour m\u00e9moire, la Journ\u00e9e Nationale de la Paix a \u00e9t\u00e9 institu\u00e9e par d\u00e9cret pr\u00e9sidentiel le 7 mars 1996 par le Pr\u00e9sident Henri Konan B\u00e9di\u00e9. Depuis, elle est consacr\u00e9e \u00e0 promouvoir la paix comme un pilier indispensable au d\u00e9veloppement.<\/p>\n<p>La 28\u1d49 \u00e9dition de la JNP, plac\u00e9e sous le th\u00e8me \u00ab Unis dans notre diversit\u00e9, renfor\u00e7ons la solidarit\u00e9 et la coh\u00e9sion nationales, socles de notre d\u00e9veloppement inclusif dans la paix durable \u00bb, s\u2019est conclue par l\u2019inauguration d\u2019un monument d\u00e9di\u00e9 \u00e0 la paix dans la ville de Fresco par le Premier ministre.<\/p>\n<p><strong>Tour\u00e9 Abdoulaye<\/strong><\/p>\n","protected":false},"excerpt":{"rendered":"<p>Mamb\u00e9 a appel\u00e9 \u00e0 une \u00e9lection pr\u00e9sidentielle apais\u00e9e en 2025 lors de la c\u00e9l\u00e9bration officielle de la 28\u1d49 \u00e9dition de la Journ\u00e9e Nationale de la Paix (JNP 2024) \u00e0 Fresco. Le vendredi 15 novembre 2024, la ville de Fresco, dans le sud-ouest de la C\u00f4te d\u2019Ivoire, a accueilli la c\u00e9l\u00e9bration officielle de la 28\u1d49 \u00e9dition [&hellip;]<\/p>\n","protected":false},"author":4,"featured_media":35829,"comment_status":"closed","ping_status":"closed","sticky":false,"template":"","format":"standard","meta":{"_monsterinsights_skip_tracking":false,"_monsterinsights_sitenote_active":false,"_monsterinsights_sitenote_note":"","_monsterinsights_sitenote_category":0,"footnotes":""},"categories":[2,17],"tags":[897,1621,4275],"class_list":["post-35828","post","type-post","status-publish","format-standard","has-post-thumbnail","hentry","category-featured","category-politique","tag-mambe","tag-presidentielle-2025","tag-scrutin-apaise"],"_links":{"self":[{"href":"https:\/\/www.lintelligentdabidjan.info\/news\/wp-json\/wp\/v2\/posts\/35828","targetHints":{"allow":["GET"]}}],"collection":[{"href":"https:\/\/www.lintelligentdabidjan.info\/news\/wp-json\/wp\/v2\/posts"}],"about":[{"href":"https:\/\/www.lintelligentdabidjan.info\/news\/wp-json\/wp\/v2\/types\/post"}],"author":[{"embeddable":true,"href":"https:\/\/www.lintelligentdabidjan.info\/news\/wp-json\/wp\/v2\/users\/4"}],"replies":[{"embeddable":true,"href":"https:\/\/www.lintelligentdabidjan.info\/news\/wp-json\/wp\/v2\/comments?post=35828"}],"version-history":[{"count":1,"href":"https:\/\/www.lintelligentdabidjan.info\/news\/wp-json\/wp\/v2\/posts\/35828\/revisions"}],"predecessor-version":[{"id":35830,"href":"https:\/\/www.lintelligentdabidjan.info\/news\/wp-json\/wp\/v2\/posts\/35828\/revisions\/35830"}],"wp:featuredmedia":[{"embeddable":true,"href":"https:\/\/www.lintelligentdabidjan.info\/news\/wp-json\/wp\/v2\/media\/35829"}],"wp:attachment":[{"href":"https:\/\/www.lintelligentdabidjan.info\/news\/wp-json\/wp\/v2\/media?parent=35828"}],"wp:term":[{"taxonomy":"category","embeddable":true,"href":"https:\/\/www.lintelligentdabidjan.info\/news\/wp-json\/wp\/v2\/categories?post=35828"},{"taxonomy":"post_tag","embeddable":true,"href":"https:\/\/www.lintelligentdabidjan.info\/news\/wp-json\/wp\/v2\/tags?post=35828"}],"curies":[{"name":"wp","href":"https:\/\/api.w.org\/{rel}","templated":true}]}}