{"id":35895,"date":"2024-11-21T11:39:36","date_gmt":"2024-11-21T10:39:36","guid":{"rendered":"https:\/\/www.lintelligentdabidjan.info\/news\/?p=35895"},"modified":"2024-11-21T11:41:39","modified_gmt":"2024-11-21T10:41:39","slug":"tshisekedi-et-la-constitution-un-coup-detat-institutionnel-en-preparation-en-rdc","status":"publish","type":"post","link":"https:\/\/www.lintelligentdabidjan.info\/news\/tshisekedi-et-la-constitution-un-coup-detat-institutionnel-en-preparation-en-rdc\/","title":{"rendered":"Tshisekedi et la Constitution : un coup d\u2019\u00c9tat institutionnel en pr\u00e9paration en RDC ?"},"content":{"rendered":"<p>En R\u00e9publique d\u00e9mocratique du Congo (RDC), le projet de r\u00e9vision constitutionnelle d\u00e9fendu par F\u00e9lix Tshisekedi suscite une vive controverse. Les d\u00e9bats tournent autour d\u2019un article de la Constitution congolaise, l\u2019article 217, accus\u00e9 selon le pr\u00e9sident en place de \u00ab consacrer carr\u00e9ment la vente de notre souverainet\u00e9 \u00bb. Des justifications qui selon l\u2019opposition ne sont qu\u2019un pr\u00e9texte qui masque mal l\u2019ambition d\u2019offrir un troisi\u00e8me mandat pr\u00e9sidentiel au chef de l\u2019Etat. <\/p>\n<p><strong>Une d\u00e9mocratie \u00e0 g\u00e9om\u00e9trie variable<\/strong><\/p>\n<p>Ce projet illustre une fois de plus les difficult\u00e9s des r\u00e9gimes africains \u00e0 respecter les textes qu\u2019ils d\u00e9fendent lorsqu\u2019ils sont dans l\u2019opposition. La Constitution congolaise, adopt\u00e9e par r\u00e9f\u00e9rendum en 2006, a permis \u00e0 F\u00e9lix Tshisekedi de devenir le premier pr\u00e9sident issu d\u2019une alternance pacifique dans l\u2019histoire r\u00e9cente du pays. Pourtant, cette m\u00eame Constitution est aujourd\u2019hui qualifi\u00e9e de d\u00e9pass\u00e9e et inad\u00e9quate par ses propres b\u00e9n\u00e9ficiaires.<br \/>\nLe ton a chang\u00e9, tout comme les priorit\u00e9s. Le m\u00eame F\u00e9lix Tshisekedi qui d\u00e9non\u00e7ait autrefois toute tentative de toucher \u00e0 la Constitution semble aujourd\u2019hui pr\u00eat \u00e0 l\u2019ajuster pour \u201cr\u00e9pondre aux aspirations des Congolais\u201d. Ces revirements posent une question fondamentale : les textes doivent-ils changer selon les besoins du peuple ou ceux des dirigeants ?<\/p>\n<p><strong>Une diversion dangereuse<\/strong><\/p>\n<p>La RDC fait face \u00e0 des d\u00e9fis colossaux, notamment une crise s\u00e9curitaire persistante dans l\u2019Est et une \u00e9conomie fragile. Ce projet de r\u00e9vision constitutionnelle d\u00e9tourne l\u2019attention des priorit\u00e9s r\u00e9elles pour plonger le pays dans des d\u00e9bats qui risquent d\u2019aggraver les tensions politiques.<\/p>\n<p>L\u2019opposition, parmi laquelle on retrouve des figures telles que l\u2019ancien pr\u00e9sident Joseph Kabila, l\u2019ancien Premier ministre et d\u00e9sormais opposant Augustin Matata Ponyo ou des personnalit\u00e9s comme Martin Fayulu et Mo\u00efse Katumbi, s\u2019est r\u00e9unie pour signer une d\u00e9claration commune d\u00e9non\u00e7ant ces vell\u00e9it\u00e9s de \u201ccoup d\u2019Etat contre la Constitution\u201d.<br \/>\nSi ce projet avance, il risque de susciter des mobilisations populaires, voire des affrontements politiques, dans un pays o\u00f9 les institutions sont encore fragiles.<\/p>\n<p><strong>Un avertissement pour F\u00e9lix Tshisekedi<\/strong><\/p>\n<p>La Constitution d\u2019un pays n\u2019est pas un outil mall\u00e9able au gr\u00e9 des int\u00e9r\u00eats du moment. C\u2019est le socle sur lequel repose la stabilit\u00e9 institutionnelle. En tentant de r\u00e9viser ce texte, le pouvoir en place risque de compromettre les acquis d\u00e9mocratiques r\u00e9cents et de fragiliser davantage un pays en qu\u00eate de stabilit\u00e9.<br \/>\nLe peuple congolais m\u00e9rite mieux que des promesses sans lendemain et des institutions fa\u00e7onn\u00e9es pour servir des int\u00e9r\u00eats personnels. \u00c0 ceux qui d\u00e9fendent cette initiative, il convient de rappeler que l\u2019histoire jugera s\u00e9v\u00e8rement ceux qui trahissent la confiance populaire au profit de leurs ambitions politiques.<\/p>\n","protected":false},"excerpt":{"rendered":"<p>En R\u00e9publique d\u00e9mocratique du Congo (RDC), le projet de r\u00e9vision constitutionnelle d\u00e9fendu par F\u00e9lix Tshisekedi suscite une vive controverse. Les d\u00e9bats tournent autour d\u2019un article de la Constitution congolaise, l\u2019article 217, accus\u00e9 selon le pr\u00e9sident en place de \u00ab consacrer carr\u00e9ment la vente de notre souverainet\u00e9 \u00bb. Des justifications qui selon l\u2019opposition ne sont qu\u2019un [&hellip;]<\/p>\n","protected":false},"author":4,"featured_media":35896,"comment_status":"closed","ping_status":"closed","sticky":false,"template":"","format":"standard","meta":{"footnotes":""},"categories":[2,17],"tags":[],"class_list":["post-35895","post","type-post","status-publish","format-standard","has-post-thumbnail","hentry","category-featured","category-politique"],"_links":{"self":[{"href":"https:\/\/www.lintelligentdabidjan.info\/news\/wp-json\/wp\/v2\/posts\/35895","targetHints":{"allow":["GET"]}}],"collection":[{"href":"https:\/\/www.lintelligentdabidjan.info\/news\/wp-json\/wp\/v2\/posts"}],"about":[{"href":"https:\/\/www.lintelligentdabidjan.info\/news\/wp-json\/wp\/v2\/types\/post"}],"author":[{"embeddable":true,"href":"https:\/\/www.lintelligentdabidjan.info\/news\/wp-json\/wp\/v2\/users\/4"}],"replies":[{"embeddable":true,"href":"https:\/\/www.lintelligentdabidjan.info\/news\/wp-json\/wp\/v2\/comments?post=35895"}],"version-history":[{"count":1,"href":"https:\/\/www.lintelligentdabidjan.info\/news\/wp-json\/wp\/v2\/posts\/35895\/revisions"}],"predecessor-version":[{"id":35897,"href":"https:\/\/www.lintelligentdabidjan.info\/news\/wp-json\/wp\/v2\/posts\/35895\/revisions\/35897"}],"wp:featuredmedia":[{"embeddable":true,"href":"https:\/\/www.lintelligentdabidjan.info\/news\/wp-json\/wp\/v2\/media\/35896"}],"wp:attachment":[{"href":"https:\/\/www.lintelligentdabidjan.info\/news\/wp-json\/wp\/v2\/media?parent=35895"}],"wp:term":[{"taxonomy":"category","embeddable":true,"href":"https:\/\/www.lintelligentdabidjan.info\/news\/wp-json\/wp\/v2\/categories?post=35895"},{"taxonomy":"post_tag","embeddable":true,"href":"https:\/\/www.lintelligentdabidjan.info\/news\/wp-json\/wp\/v2\/tags?post=35895"}],"curies":[{"name":"wp","href":"https:\/\/api.w.org\/{rel}","templated":true}]}}