{"id":35899,"date":"2024-11-22T01:24:48","date_gmt":"2024-11-22T00:24:48","guid":{"rendered":"https:\/\/www.lintelligentdabidjan.info\/news\/?p=35899"},"modified":"2024-11-22T02:07:58","modified_gmt":"2024-11-22T01:07:58","slug":"cooperation-internationale-relations-diplomatiques-entre-la-cote-divoire-et-la-bolivie","status":"publish","type":"post","link":"https:\/\/www.lintelligentdabidjan.info\/news\/cooperation-internationale-relations-diplomatiques-entre-la-cote-divoire-et-la-bolivie\/","title":{"rendered":"Coop\u00e9ration internationale &#8211; Relations Diplomatiques entre la C\u00f4te d\u2019Ivoire et la Bolivie"},"content":{"rendered":"<p><em><strong>La R\u00e9publique de C\u00f4te d\u2019Ivoire et l\u2019\u00c9tat Plurinational de Bolivie ont officiellement \u00e9tabli des relations diplomatiques. Cet acte historique a \u00e9t\u00e9 concr\u00e9tis\u00e9 par la signature d\u2019un Communiqu\u00e9 conjoint lors d\u2019une c\u00e9r\u00e9monie tenue \u00e0 la Mission Permanente de la C\u00f4te d\u2019Ivoire aupr\u00e8s de l\u2019Organisation des Nations Unies le 19 novembre 2024 \u00e0 New York.<\/strong><\/em><\/p>\n<p>La signature a \u00e9t\u00e9 r\u00e9alis\u00e9e par S.E.M. Ti\u00e9moko Moriko, Repr\u00e9sentant Permanent de la C\u00f4te d\u2019Ivoire, et son homologue bolivien, S.E.M. Diego Pary Rodriguez, au nom de leurs Gouvernements respectifs.<\/p>\n<p><strong>Un Pas D\u00e9cisif vers une Coop\u00e9ration Renforc\u00e9e<\/strong><\/p>\n<p>Lors de cet \u00e9v\u00e9nement, S.E.M. Diego Pary Rodriguez a exprim\u00e9 la satisfaction de son gouvernement face \u00e0 cet engagement diplomatique, soulignant qu\u2019il s\u2019agit d\u2019une \u00e9tape cl\u00e9 dans le rapprochement entre leurs deux nations. Il a insist\u00e9 sur le potentiel de cette nouvelle dynamique pour renforcer les liens fraternels et la coop\u00e9ration bilat\u00e9rale.<\/p>\n<p>Pour sa part, S.E.M. Ti\u00e9moko Moriko a salu\u00e9 cet accord en affirmant qu\u2019il refl\u00e8te la vision de Son Excellence Monsieur Alassane Ouattara, Pr\u00e9sident de la R\u00e9publique de C\u00f4te d\u2019Ivoire, de renforcer la pr\u00e9sence diplomatique ivoirienne \u00e0 travers le monde.<\/p>\n<p><strong>Une Vision Partag\u00e9e au sein des Nations Unies et au Plan Bilat\u00e9ral<\/strong><\/p>\n<p>Les deux diplomates ont exprim\u00e9 leur d\u00e9termination \u00e0 collaborer sur des questions d\u2019int\u00e9r\u00eat commun au sein des Nations Unies et dans le cadre de partenariats bilat\u00e9raux. Cette d\u00e9marche s\u2019inscrit dans la volont\u00e9 de la C\u00f4te d\u2019Ivoire d\u2019\u00e9largir son cercle d\u2019amis et d\u2019\u00e9tendre son influence sur la sc\u00e8ne internationale.<\/p>\n<p><strong>Une Dynamique Plus Large<\/strong><\/p>\n<p>La Bolivie fait partie d\u2019un groupe de six pays avec lesquels la C\u00f4te d\u2019Ivoire a r\u00e9cemment d\u00e9cid\u00e9 d\u2019\u00e9tablir des relations diplomatiques. Lors de sa s\u00e9ance du 30 septembre 2024, le Conseil des Ministres ivoirien a approuv\u00e9 l\u2019\u00e9tablissement de relations similaires avec la Principaut\u00e9 d\u2019Andorre, la Jama\u00efque, la Guyane, l\u2019Ouzb\u00e9kistan, les \u00celes Marshall et la Moldavie.<\/p>\n<p>Ces initiatives t\u00e9moignent de l\u2019engagement de la C\u00f4te d\u2019Ivoire \u00e0 diversifier et intensifier ses partenariats internationaux, dans le respect des principes de la Charte des Nations Unies et du droit international.<\/p>\n<p><strong>Source:  Sercom<\/strong><\/p>\n","protected":false},"excerpt":{"rendered":"<p>La R\u00e9publique de C\u00f4te d\u2019Ivoire et l\u2019\u00c9tat Plurinational de Bolivie ont officiellement \u00e9tabli des relations diplomatiques. Cet acte historique a \u00e9t\u00e9 concr\u00e9tis\u00e9 par la signature d\u2019un Communiqu\u00e9 conjoint lors d\u2019une c\u00e9r\u00e9monie tenue \u00e0 la Mission Permanente de la C\u00f4te d\u2019Ivoire aupr\u00e8s de l\u2019Organisation des Nations Unies le 19 novembre 2024 \u00e0 New York. La signature [&hellip;]<\/p>\n","protected":false},"author":4,"featured_media":35900,"comment_status":"closed","ping_status":"closed","sticky":false,"template":"","format":"standard","meta":{"_monsterinsights_skip_tracking":false,"_monsterinsights_sitenote_active":false,"_monsterinsights_sitenote_note":"","_monsterinsights_sitenote_category":0,"footnotes":""},"categories":[2,17],"tags":[],"class_list":["post-35899","post","type-post","status-publish","format-standard","has-post-thumbnail","hentry","category-featured","category-politique"],"_links":{"self":[{"href":"https:\/\/www.lintelligentdabidjan.info\/news\/wp-json\/wp\/v2\/posts\/35899","targetHints":{"allow":["GET"]}}],"collection":[{"href":"https:\/\/www.lintelligentdabidjan.info\/news\/wp-json\/wp\/v2\/posts"}],"about":[{"href":"https:\/\/www.lintelligentdabidjan.info\/news\/wp-json\/wp\/v2\/types\/post"}],"author":[{"embeddable":true,"href":"https:\/\/www.lintelligentdabidjan.info\/news\/wp-json\/wp\/v2\/users\/4"}],"replies":[{"embeddable":true,"href":"https:\/\/www.lintelligentdabidjan.info\/news\/wp-json\/wp\/v2\/comments?post=35899"}],"version-history":[{"count":3,"href":"https:\/\/www.lintelligentdabidjan.info\/news\/wp-json\/wp\/v2\/posts\/35899\/revisions"}],"predecessor-version":[{"id":35913,"href":"https:\/\/www.lintelligentdabidjan.info\/news\/wp-json\/wp\/v2\/posts\/35899\/revisions\/35913"}],"wp:featuredmedia":[{"embeddable":true,"href":"https:\/\/www.lintelligentdabidjan.info\/news\/wp-json\/wp\/v2\/media\/35900"}],"wp:attachment":[{"href":"https:\/\/www.lintelligentdabidjan.info\/news\/wp-json\/wp\/v2\/media?parent=35899"}],"wp:term":[{"taxonomy":"category","embeddable":true,"href":"https:\/\/www.lintelligentdabidjan.info\/news\/wp-json\/wp\/v2\/categories?post=35899"},{"taxonomy":"post_tag","embeddable":true,"href":"https:\/\/www.lintelligentdabidjan.info\/news\/wp-json\/wp\/v2\/tags?post=35899"}],"curies":[{"name":"wp","href":"https:\/\/api.w.org\/{rel}","templated":true}]}}