{"id":35907,"date":"2024-11-22T02:03:10","date_gmt":"2024-11-22T01:03:10","guid":{"rendered":"https:\/\/www.lintelligentdabidjan.info\/news\/?p=35907"},"modified":"2024-11-22T02:03:32","modified_gmt":"2024-11-22T01:03:32","slug":"situation-securitaire-dans-le-nord-de-la-cote-divoire-a-lapproche-de-2025-le-pnud-decrit-une-situation-fragile-et-missionne-les-mediateurs-delegues","status":"publish","type":"post","link":"https:\/\/www.lintelligentdabidjan.info\/news\/situation-securitaire-dans-le-nord-de-la-cote-divoire-a-lapproche-de-2025-le-pnud-decrit-une-situation-fragile-et-missionne-les-mediateurs-delegues\/","title":{"rendered":"Situation s\u00e9curitaire dans le Nord de la C\u00f4te d\u2019Ivoire \u00e0 l\u2019approche de 2025 &#8211;   Le PNUD d\u00e9crit \u00ab une situation fragile \u00bb et missionne les M\u00e9diateurs D\u00e9l\u00e9gu\u00e9s"},"content":{"rendered":"<p><em><strong>Le PNUD qualifie de \u00ab fragile \u00bb la situation s\u00e9curitaire dans les r\u00e9gions frontali\u00e8res du Nord de la C\u00f4te d\u2019Ivoire \u00e0 l\u2019approche de la pr\u00e9sidentielle de 2025 et a missionn\u00e9 les M\u00e9diateurs D\u00e9l\u00e9gu\u00e9s de la R\u00e9publique.<\/strong><\/em><\/p>\n<p>\u00ab La situation s\u00e9curitaire reste fragile et n\u00e9cessite notre attention soutenue. Le Sahel continue de subir des activit\u00e9s terroristes, affectant directement la stabilit\u00e9 de la r\u00e9gion. Face \u00e0 cette menace, il est imp\u00e9ratif que nous prenions des mesures concert\u00e9es et efficaces pour pr\u00e9venir l\u2019expansion de menaces qui nuisent \u00e0 la vie des communaut\u00e9s. Ensemble, nous devons renforcer nos efforts pour pr\u00e9server la s\u00e9curit\u00e9 et la paix au sein de nos communaut\u00e9s. Les futures \u00e9lections de 2025 constituent un enjeu majeur pour la stabilit\u00e9 et la paix durable. C\u2019est pourquoi nous devons unir nos efforts pour travailler avec les acteurs locaux \u00bb, a d\u00e9clar\u00e9 Blerta Cela, la repr\u00e9sentante r\u00e9sidente du Programme des Nations Unies pour le d\u00e9veloppement (PNUD), lors de l\u2019ouverture de l&#8217;atelier de renforcement des capacit\u00e9s des M\u00e9diateurs D\u00e9l\u00e9gu\u00e9s et des membres des comit\u00e9s de veille et de suivi de la coh\u00e9sion sociale des r\u00e9gions frontali\u00e8res du Nord, le mardi 19 novembre 2024 \u00e0 Korhogo.<\/p>\n<p>Cet atelier vise \u00e0 fournir des outils aux repr\u00e9sentants du M\u00e9diateur de la R\u00e9publique dans ces r\u00e9gions du pays, en vue de renforcer la paix et la coh\u00e9sion sociale, malgr\u00e9 l\u2019\u00e9lection pr\u00e9sidentielle de 2025. \u00ab Nous devons mieux comprendre les causes profondes des diff\u00e9rents d\u00e9fis de coh\u00e9sion sociale, renforcer les syst\u00e8mes d\u2019alerte pr\u00e9coce, am\u00e9liorer les capacit\u00e9s des comit\u00e9s de veille, et mettre en place un syst\u00e8me de suivi pour trouver des solutions adapt\u00e9es. Nous continuerons notre collaboration avec les entit\u00e9s civilo-militaires et les forces de s\u00e9curit\u00e9 pour am\u00e9liorer les conditions d\u2019une vie sociale plus apais\u00e9e. Les r\u00e9sultats attendus \u00e0 l\u2019issue de cette rencontre sont clairs : nous devons transformer les acteurs locaux en v\u00e9ritables acteurs de paix et, ensemble, \u00e9laborer des strat\u00e9gies solides et durables pour r\u00e9pondre \u00e0 la mont\u00e9e des nouvelles menaces \u00bb, a-t-elle sugg\u00e9r\u00e9.<\/p>\n<p>Adama Toungara, le M\u00e9diateur de la R\u00e9publique, \u00e9tait pr\u00e9sent \u00e0 la c\u00e9r\u00e9monie d\u2019ouverture. Il s&#8217;est r\u00e9joui de l\u2019action du PNUD aux c\u00f4t\u00e9s de l\u2019institution qu&#8217;il dirige et a salu\u00e9 le partenariat qui unit les deux institutions.<\/p>\n<p>\u00ab La pr\u00e9vention s\u2019est r\u00e9v\u00e9l\u00e9e, au terme des d\u00e9bats, comme la meilleure r\u00e9ponse au terrorisme, \u00e0 l\u2019extr\u00e9misme violent et aux autres menaces \u00e0 la paix et \u00e0 la s\u00e9curit\u00e9. En cons\u00e9quence, il incombe \u00e0 toutes les institutions et aux acteurs sociaux de s\u2019associer pour combattre ce fl\u00e9au d\u00e9vastateur et n\u00e9faste au d\u00e9veloppement. Le M\u00e9diateur de la R\u00e9publique, dont l\u2019une des missions est le renforcement de la coh\u00e9sion sociale, entend jouer pleinement son r\u00f4le dans cette lutte, par la mise en \u0153uvre de strat\u00e9gies pr\u00e9ventives, conform\u00e9ment \u00e0 ma vision de mener une m\u00e9diation essentiellement proactive. Cet atelier d\u2019\u00e9changes avec les M\u00e9diateurs D\u00e9l\u00e9gu\u00e9s et les membres des Comit\u00e9s de Veille et de Suivi de la Coh\u00e9sion Sociale des zones nord du pays r\u00e9pond bien \u00e0 cette pr\u00e9occupation \u00bb, a d\u00e9clar\u00e9 Adama Toungara.<\/p>\n<p>L\u2019atelier a permis de renforcer les actions de pacification sociale dans la r\u00e9gion septentrionale du pays, r\u00e9guli\u00e8rement expos\u00e9e aux menaces terroristes. L\u2019atelier de Korhogo   permettra, plus particuli\u00e8rement, durant deux journ\u00e9es, de faire un \u00e9tat des lieux de la coh\u00e9sion sociale dans le nord du pays et de sensibiliser les participants sur les dangers du terrorisme.<\/p>\n<p><strong>Jean-Hubert Koffo<\/strong><\/p>\n","protected":false},"excerpt":{"rendered":"<p>Le PNUD qualifie de \u00ab fragile \u00bb la situation s\u00e9curitaire dans les r\u00e9gions frontali\u00e8res du Nord de la C\u00f4te d\u2019Ivoire \u00e0 l\u2019approche de la pr\u00e9sidentielle de 2025 et a missionn\u00e9 les M\u00e9diateurs D\u00e9l\u00e9gu\u00e9s de la R\u00e9publique. \u00ab La situation s\u00e9curitaire reste fragile et n\u00e9cessite notre attention soutenue. Le Sahel continue de subir des activit\u00e9s terroristes, [&hellip;]<\/p>\n","protected":false},"author":4,"featured_media":35908,"comment_status":"closed","ping_status":"closed","sticky":false,"template":"","format":"standard","meta":{"_monsterinsights_skip_tracking":false,"_monsterinsights_sitenote_active":false,"_monsterinsights_sitenote_note":"","_monsterinsights_sitenote_category":0,"footnotes":""},"categories":[2,17],"tags":[77,3968,4309,4308],"class_list":["post-35907","post","type-post","status-publish","format-standard","has-post-thumbnail","hentry","category-featured","category-politique","tag-cote-divoire","tag-nord","tag-pnud","tag-situation-securitaire"],"_links":{"self":[{"href":"https:\/\/www.lintelligentdabidjan.info\/news\/wp-json\/wp\/v2\/posts\/35907","targetHints":{"allow":["GET"]}}],"collection":[{"href":"https:\/\/www.lintelligentdabidjan.info\/news\/wp-json\/wp\/v2\/posts"}],"about":[{"href":"https:\/\/www.lintelligentdabidjan.info\/news\/wp-json\/wp\/v2\/types\/post"}],"author":[{"embeddable":true,"href":"https:\/\/www.lintelligentdabidjan.info\/news\/wp-json\/wp\/v2\/users\/4"}],"replies":[{"embeddable":true,"href":"https:\/\/www.lintelligentdabidjan.info\/news\/wp-json\/wp\/v2\/comments?post=35907"}],"version-history":[{"count":1,"href":"https:\/\/www.lintelligentdabidjan.info\/news\/wp-json\/wp\/v2\/posts\/35907\/revisions"}],"predecessor-version":[{"id":35909,"href":"https:\/\/www.lintelligentdabidjan.info\/news\/wp-json\/wp\/v2\/posts\/35907\/revisions\/35909"}],"wp:featuredmedia":[{"embeddable":true,"href":"https:\/\/www.lintelligentdabidjan.info\/news\/wp-json\/wp\/v2\/media\/35908"}],"wp:attachment":[{"href":"https:\/\/www.lintelligentdabidjan.info\/news\/wp-json\/wp\/v2\/media?parent=35907"}],"wp:term":[{"taxonomy":"category","embeddable":true,"href":"https:\/\/www.lintelligentdabidjan.info\/news\/wp-json\/wp\/v2\/categories?post=35907"},{"taxonomy":"post_tag","embeddable":true,"href":"https:\/\/www.lintelligentdabidjan.info\/news\/wp-json\/wp\/v2\/tags?post=35907"}],"curies":[{"name":"wp","href":"https:\/\/api.w.org\/{rel}","templated":true}]}}