{"id":35910,"date":"2024-11-22T02:07:20","date_gmt":"2024-11-22T01:07:20","guid":{"rendered":"https:\/\/www.lintelligentdabidjan.info\/news\/?p=35910"},"modified":"2024-11-22T02:07:23","modified_gmt":"2024-11-22T01:07:23","slug":"crise-a-la-fenujeci-arthur-gbangbo-appelle-mamadou-toure-a-une-intervention-urgente","status":"publish","type":"post","link":"https:\/\/www.lintelligentdabidjan.info\/news\/crise-a-la-fenujeci-arthur-gbangbo-appelle-mamadou-toure-a-une-intervention-urgente\/","title":{"rendered":"Crise \u00e0 la FENUJECI -Arthur Gbangbo appelle  Mamadou Tour\u00e9  \u00e0 une intervention urgente"},"content":{"rendered":"<p><em><strong>Lors d\u2019un point de presse tenu le mercredi 20 novembre 2024, Arthur Gbangbo, premier vice-pr\u00e9sident de la F\u00e9d\u00e9ration des Unions de Jeunesse Communales de C\u00f4te d\u2019Ivoire (FENUJECI), a exprim\u00e9 son inqui\u00e9tude face aux dysfonctionnements persistants qui fragilisent l\u2019organisation.<\/strong><\/em><\/p>\n<p>Il a appel\u00e9 le ministre   de la Jeunesse,   Mamadou Tour\u00e9, \u00e0 agir sans d\u00e9lai pour \u00e9viter une paralysie totale de la f\u00e9d\u00e9ration.<\/p>\n<p>Arthur Gbangbo a d\u00e9nonc\u00e9 une gestion qu\u2019il qualifie d\u2019opaque et non conforme aux principes de transparence. <\/p>\n<p>Parmi les irr\u00e9gularit\u00e9s relev\u00e9es figurent des pr\u00e9l\u00e8vements injustifi\u00e9s sur les subventions, des ristournes suspectes lors d\u2019\u00e9v\u00e9nements, ainsi qu\u2019une gestion peu claire des cotisations des membres.<\/p>\n<p>Ces probl\u00e8mes sont exacerb\u00e9s par le refus d\u2019acc\u00e8s aux documents comptables, malgr\u00e9 des demandes r\u00e9p\u00e9t\u00e9es des v\u00e9rificateurs.<\/p>\n<p>Le vice-pr\u00e9sident a \u00e9galement soulign\u00e9 que le mandat du pr\u00e9sident actuel de la FENUJECI a expir\u00e9 depuis le 14 juillet 2024. En cons\u00e9quence, il consid\u00e8re que toute d\u00e9cision prise apr\u00e8s cette date est juridiquement invalide.<\/p>\n<p>Face \u00e0 ces dysfonctionnements, Arthur Gbangbo a salu\u00e9 la d\u00e9cision du ministre de suspendre temporairement le processus de renouvellement des bureaux nationaux. Cependant, il a exprim\u00e9 des r\u00e9serves sur la convention pr\u00e9vue le 23 novembre prochain \u00e0 Bouak\u00e9, craignant qu\u2019elle ne respecte pas les statuts de la f\u00e9d\u00e9ration et qu\u2019elle n\u2019aggrave la crise en cours.<\/p>\n<p>Pour r\u00e9tablir la confiance et redresser la situation, Arthur Gbangbo a formul\u00e9 plusieurs recommandations. <\/p>\n<p>Il demande un acc\u00e8s imm\u00e9diat aux documents comptables pour les v\u00e9rificateurs, la publication d\u2019un rapport d\u00e9taill\u00e9 sur la gestion du mandat actuel, l\u2019organisation d\u2019un congr\u00e8s en stricte conformit\u00e9 avec les statuts de la f\u00e9d\u00e9ration, et la d\u00e9signation d\u2019un pr\u00e9sident ind\u00e9pendant pour piloter le comit\u00e9 d\u2019organisation du congr\u00e8s.<\/p>\n<p>Selon lui, ces mesures sont essentielles pour restaurer la cr\u00e9dibilit\u00e9 de la FENUJECI aupr\u00e8s de ses membres et partenaires.<\/p>\n<p>Enfin, dans un esprit de responsabilit\u00e9, Arthur Gbangbo a appel\u00e9 le ministre Mamadou Tour\u00e9 \u00e0 jouer un r\u00f4le de m\u00e9diateur. <\/p>\n<p>Il a insist\u00e9 sur la n\u00e9cessit\u00e9 d\u2019instaurer une gouvernance transparente et respectueuse des textes, seule garantie d\u2019une sortie de crise apais\u00e9e. Sans une intervention rapide et d\u00e9terminante du minist\u00e8re, il redoute des actions de protestation plus radicales de la part des membres de la f\u00e9d\u00e9ration.<\/p>\n<p>Arthur Gbangbo esp\u00e8re que cet appel sera entendu pour pr\u00e9server l\u2019avenir de la FENUJECI et la dynamique qu\u2019elle repr\u00e9sente pour la jeunesse ivoirienne.<\/p>\n<p><strong>Beker Yao avec Sercom<\/strong><\/p>\n","protected":false},"excerpt":{"rendered":"<p>Lors d\u2019un point de presse tenu le mercredi 20 novembre 2024, Arthur Gbangbo, premier vice-pr\u00e9sident de la F\u00e9d\u00e9ration des Unions de Jeunesse Communales de C\u00f4te d\u2019Ivoire (FENUJECI), a exprim\u00e9 son inqui\u00e9tude face aux dysfonctionnements persistants qui fragilisent l\u2019organisation. Il a appel\u00e9 le ministre de la Jeunesse, Mamadou Tour\u00e9, \u00e0 agir sans d\u00e9lai pour \u00e9viter une [&hellip;]<\/p>\n","protected":false},"author":4,"featured_media":35911,"comment_status":"closed","ping_status":"closed","sticky":false,"template":"","format":"standard","meta":{"_monsterinsights_skip_tracking":false,"_monsterinsights_sitenote_active":false,"_monsterinsights_sitenote_note":"","_monsterinsights_sitenote_category":0,"footnotes":""},"categories":[2,17],"tags":[4310,793,4311],"class_list":["post-35910","post","type-post","status-publish","format-standard","has-post-thumbnail","hentry","category-featured","category-politique","tag-arthur-gbangbo","tag-fenujeci","tag-ministre-de-la-jeunesse"],"_links":{"self":[{"href":"https:\/\/www.lintelligentdabidjan.info\/news\/wp-json\/wp\/v2\/posts\/35910","targetHints":{"allow":["GET"]}}],"collection":[{"href":"https:\/\/www.lintelligentdabidjan.info\/news\/wp-json\/wp\/v2\/posts"}],"about":[{"href":"https:\/\/www.lintelligentdabidjan.info\/news\/wp-json\/wp\/v2\/types\/post"}],"author":[{"embeddable":true,"href":"https:\/\/www.lintelligentdabidjan.info\/news\/wp-json\/wp\/v2\/users\/4"}],"replies":[{"embeddable":true,"href":"https:\/\/www.lintelligentdabidjan.info\/news\/wp-json\/wp\/v2\/comments?post=35910"}],"version-history":[{"count":1,"href":"https:\/\/www.lintelligentdabidjan.info\/news\/wp-json\/wp\/v2\/posts\/35910\/revisions"}],"predecessor-version":[{"id":35912,"href":"https:\/\/www.lintelligentdabidjan.info\/news\/wp-json\/wp\/v2\/posts\/35910\/revisions\/35912"}],"wp:featuredmedia":[{"embeddable":true,"href":"https:\/\/www.lintelligentdabidjan.info\/news\/wp-json\/wp\/v2\/media\/35911"}],"wp:attachment":[{"href":"https:\/\/www.lintelligentdabidjan.info\/news\/wp-json\/wp\/v2\/media?parent=35910"}],"wp:term":[{"taxonomy":"category","embeddable":true,"href":"https:\/\/www.lintelligentdabidjan.info\/news\/wp-json\/wp\/v2\/categories?post=35910"},{"taxonomy":"post_tag","embeddable":true,"href":"https:\/\/www.lintelligentdabidjan.info\/news\/wp-json\/wp\/v2\/tags?post=35910"}],"curies":[{"name":"wp","href":"https:\/\/api.w.org\/{rel}","templated":true}]}}