{"id":35930,"date":"2024-11-25T02:01:02","date_gmt":"2024-11-25T01:01:02","guid":{"rendered":"https:\/\/www.lintelligentdabidjan.info\/news\/?p=35930"},"modified":"2024-11-25T02:01:13","modified_gmt":"2024-11-25T01:01:13","slug":"conseil-regional-du-cavally-le-conseil-consultatif-des-femmes-et-des-filles-installe","status":"publish","type":"post","link":"https:\/\/www.lintelligentdabidjan.info\/news\/conseil-regional-du-cavally-le-conseil-consultatif-des-femmes-et-des-filles-installe\/","title":{"rendered":"Conseil r\u00e9gional du Cavally-   Le conseil  consultatif des femmes  et des filles    install\u00e9"},"content":{"rendered":"<p><em><strong>La salle de conf\u00e9rence Alassane Ouattara du Conseil R\u00e9gional du Cavally a accueilli, le vendredi 22 novembre 2024, une c\u00e9r\u00e9monie d\u2019installation du Conseil consultatif r\u00e9gional des femmes et des jeunes filles du Cavally. Cet \u00e9v\u00e9nement a rassembl\u00e9 plusieurs personnalit\u00e9s, notamment Anne D\u00e9sir\u00e9e Ouloto, ministre d\u2019\u00c9tat, ministre de la Fonction publique et de la Modernisation de l\u2019administration, pr\u00e9sidente du Conseil R\u00e9gional du Cavally, et Madame C\u00e9cile Zougrana, repr\u00e9sentante de l\u2019UNFPA en C\u00f4te d\u2019Ivoire.<\/strong><\/em><\/p>\n<p>Dans son intervention, Madame C\u00e9cile Zougrana a soulign\u00e9 que ce conseil consultatif permettra de promouvoir le leadership f\u00e9minin, ainsi que les comp\u00e9tences et la valorisation des femmes du Cavally. Elle a rappel\u00e9 que suite \u00e0 une cartographie des besoins et aux \u00e9tudes men\u00e9es lors du forum des femmes en mai 2024, l\u2019UNFPA s\u2019est engag\u00e9e \u00e0 accompagner les femmes de la r\u00e9gion dans les domaines de l\u2019employabilit\u00e9 et de l\u2019autonomisation. Selon elle, l\u2019installation de ce conseil consultatif marque un tournant d\u00e9cisif dans la mise en \u0153uvre du plan d\u2019action triennal pour les femmes et les filles du Cavally. Elle a \u00e9galement insist\u00e9 sur l\u2019importance de travailler en synergie avec Anne D\u00e9sir\u00e9e Ouloto pour assurer le bon fonctionnement du comit\u00e9 r\u00e9gional.<\/p>\n<p>Lors de la c\u00e9r\u00e9monie, Madame Akreb\u00e9 Blo Armande, secr\u00e9taire du Conseil consultatif, a rappel\u00e9 les dispositions de l\u2019arr\u00eat\u00e9 n\u00b0 1345\/MIS\/DGDDL\/DTEF\/SDFB du 15 septembre 2023. Elle a mentionn\u00e9 que, selon l\u2019article 4, le mandat du pr\u00e9sidium est fix\u00e9 \u00e0 trois ans, non renouvelable, avec une pr\u00e9sidence tournante tous les six mois. L\u2019article 11 d\u00e9taille les modalit\u00e9s de fonctionnement des membres du comit\u00e9.<\/p>\n<p>Il convient de noter que le Conseil consultatif est compos\u00e9 de 30 membres, incluant des repr\u00e9sentants allochtones et des ressortissants de la CEDEAO. Ce conseil constitue un levier strat\u00e9gique pour le d\u00e9veloppement et l\u2019autonomisation des femmes dans la r\u00e9gion du Cavally.<\/p>\n<p><strong>Konhon Dominique <\/strong><\/p>\n","protected":false},"excerpt":{"rendered":"<p>La salle de conf\u00e9rence Alassane Ouattara du Conseil R\u00e9gional du Cavally a accueilli, le vendredi 22 novembre 2024, une c\u00e9r\u00e9monie d\u2019installation du Conseil consultatif r\u00e9gional des femmes et des jeunes filles du Cavally. Cet \u00e9v\u00e9nement a rassembl\u00e9 plusieurs personnalit\u00e9s, notamment Anne D\u00e9sir\u00e9e Ouloto, ministre d\u2019\u00c9tat, ministre de la Fonction publique et de la Modernisation de [&hellip;]<\/p>\n","protected":false},"author":4,"featured_media":35931,"comment_status":"closed","ping_status":"closed","sticky":false,"template":"","format":"standard","meta":{"_monsterinsights_skip_tracking":false,"_monsterinsights_sitenote_active":false,"_monsterinsights_sitenote_note":"","_monsterinsights_sitenote_category":0,"footnotes":""},"categories":[2,17],"tags":[712,4316,1085,548,2373],"class_list":["post-35930","post","type-post","status-publish","format-standard","has-post-thumbnail","hentry","category-featured","category-politique","tag-cavally","tag-conseil-consultatif","tag-conseil-regional","tag-femmes","tag-filles"],"_links":{"self":[{"href":"https:\/\/www.lintelligentdabidjan.info\/news\/wp-json\/wp\/v2\/posts\/35930","targetHints":{"allow":["GET"]}}],"collection":[{"href":"https:\/\/www.lintelligentdabidjan.info\/news\/wp-json\/wp\/v2\/posts"}],"about":[{"href":"https:\/\/www.lintelligentdabidjan.info\/news\/wp-json\/wp\/v2\/types\/post"}],"author":[{"embeddable":true,"href":"https:\/\/www.lintelligentdabidjan.info\/news\/wp-json\/wp\/v2\/users\/4"}],"replies":[{"embeddable":true,"href":"https:\/\/www.lintelligentdabidjan.info\/news\/wp-json\/wp\/v2\/comments?post=35930"}],"version-history":[{"count":1,"href":"https:\/\/www.lintelligentdabidjan.info\/news\/wp-json\/wp\/v2\/posts\/35930\/revisions"}],"predecessor-version":[{"id":35932,"href":"https:\/\/www.lintelligentdabidjan.info\/news\/wp-json\/wp\/v2\/posts\/35930\/revisions\/35932"}],"wp:featuredmedia":[{"embeddable":true,"href":"https:\/\/www.lintelligentdabidjan.info\/news\/wp-json\/wp\/v2\/media\/35931"}],"wp:attachment":[{"href":"https:\/\/www.lintelligentdabidjan.info\/news\/wp-json\/wp\/v2\/media?parent=35930"}],"wp:term":[{"taxonomy":"category","embeddable":true,"href":"https:\/\/www.lintelligentdabidjan.info\/news\/wp-json\/wp\/v2\/categories?post=35930"},{"taxonomy":"post_tag","embeddable":true,"href":"https:\/\/www.lintelligentdabidjan.info\/news\/wp-json\/wp\/v2\/tags?post=35930"}],"curies":[{"name":"wp","href":"https:\/\/api.w.org\/{rel}","templated":true}]}}