{"id":35933,"date":"2024-11-25T02:03:48","date_gmt":"2024-11-25T01:03:48","guid":{"rendered":"https:\/\/www.lintelligentdabidjan.info\/news\/?p=35933"},"modified":"2024-11-25T02:03:52","modified_gmt":"2024-11-25T01:03:52","slug":"autonomisation-des-jeunes-dans-la-region-du-moronou-une-dynamique-renforcee-par-le-gouvernement","status":"publish","type":"post","link":"https:\/\/www.lintelligentdabidjan.info\/news\/autonomisation-des-jeunes-dans-la-region-du-moronou-une-dynamique-renforcee-par-le-gouvernement\/","title":{"rendered":"Autonomisation des jeunes dans la r\u00e9gion du Moronou-Une dynamique renforc\u00e9e par le gouvernement"},"content":{"rendered":"<p><em><strong>Du 21 au 23 novembre 2024, le minist\u00e8re de la Promotion de la Jeunesse, de l\u2019Insertion professionnelle et du Service civique a conduit une tourn\u00e9e de proximit\u00e9 dans la r\u00e9gion du Moronou. <\/strong><\/em><\/p>\n<p>Ce d\u00e9placement a permis de mesurer l&#8217;impact des dispositifs mis en place pour l\u2019autonomisation et l\u2019insertion professionnelle des jeunes. Cette visite a \u00e9t\u00e9 marqu\u00e9e par l&#8217;engagement et la reconnaissance des acteurs locaux, notamment l&#8217;inspecteur d&#8217;\u00c9tat Ahoua N&#8217;doli, la maire d&#8217;Arrah, Harlette Badou Kouam\u00e9, et Valentin Kouassi, 3e vice-pr\u00e9sident du Conseil r\u00e9gional du Moronou.<\/p>\n<p><strong>Un bilan encourageant pour l\u2019autonomisation des jeunes<\/strong><\/p>\n<p>Lors de cette tourn\u00e9e, le ministre de la Promotion de la Jeunesse a salu\u00e9 les r\u00e9sultats obtenus. &#8220;Depuis quelques mois, nous avons d\u00e9cid\u00e9 d&#8217;aller sur le terrain pour nous rendre compte de l&#8217;effectivit\u00e9 des programmes pour les jeunes. Aujourd&#8217;hui, dans le Moronou, je constate que ces dispositifs sont efficaces et transparents&#8221;, a-t-il d\u00e9clar\u00e9. \u00c0 Arrah, plusieurs b\u00e9n\u00e9ficiaires ont \u00e9t\u00e9 visit\u00e9s, notamment une jeune entrepreneuse qui, gr\u00e2ce \u00e0 un financement de 2 millions de francs CFA, g\u00e8re une quincaillerie avec un chiffre d&#8217;affaires journalier oscillant entre 25 000 et 45 000 francs CFA. De plus, le ministre a rencontr\u00e9 des jeunes ins\u00e9r\u00e9s dans divers secteurs, tels que la maintenance informatique et la pharmacie, \u00e0 travers des stages de qualification et des emplois durables. Ces t\u00e9moignages illustrent la pertinence des programmes gouvernementaux dans la lutte contre le ch\u00f4mage des jeunes.<\/p>\n<p><strong>Un maillage territorial renforc\u00e9<\/strong><\/p>\n<p>La r\u00e9ussite de ces initiatives repose en partie sur le r\u00e9seau de guichets d&#8217;emploi d\u00e9ploy\u00e9s dans tout le pays. Le guichet d&#8217;emploi d&#8217;Arrah a \u00e9t\u00e9 mis en avant comme un exemple de bon fonctionnement. Selon Harlette Badou Kouam\u00e9, maire d\u2019Arrah, &#8220;ces guichets permettent \u00e0 nos jeunes d\u2019acc\u00e9der aux opportunit\u00e9s en toute transparence. Nous encourageons les jeunes \u00e0 s\u2019y rendre pour b\u00e9n\u00e9ficier des programmes disponibles.&#8221;<\/p>\n<p>En compl\u00e9ment des efforts communaux, des initiatives ont \u00e9t\u00e9 \u00e9tendues aux sous-pr\u00e9fectures, avec l\u2019appui des conseils r\u00e9gionaux dans le cadre de la ma\u00eetrise d&#8217;ouvrage d\u00e9l\u00e9gu\u00e9e. Valentin Kouassi a pr\u00e9cis\u00e9. &#8220;Dans le cadre du projet C2D (Contrat de D\u00e9sendettement et de D\u00e9veloppement) nous formons et ins\u00e9rons des jeunes sur le terrain chaque ann\u00e9e, r\u00e9pondant ainsi aux besoins croissants de notre jeunesse.&#8221;<\/p>\n<p><strong>Perspectives ambitieuses pour 2024<\/strong><\/p>\n<p>Le bilan des programmes entre 2020 et 2024 dans la r\u00e9gion du Moronou est \u00e9loquent, 7 358 b\u00e9n\u00e9ficiaires, dont 59 % de femmes, pour un co\u00fbt global de plus de 2,8 milliards de francs CFA. Ces chiffres incluent 7 118 jeunes dans les programmes d\u2019insertion professionnelle et 240 dans des initiatives de service civique. Pour l\u2019ann\u00e9e 2024, 1 978 jeunes suppl\u00e9mentaires seront pris en charge pour un investissement de 900 millions de francs CFA. \u00c0 l\u2019horizon 2027, l\u2019objectif est d\u2019accompagner 3 002 jeunes, avec un budget global de 1,6 milliard de francs CFA. Ces efforts s\u2019inscrivent dans une vision de justice sociale et d\u2019\u00e9galit\u00e9 des chances, pr\u00f4n\u00e9e par le pr\u00e9sident de la R\u00e9publique, Alassane Ouattara.<\/p>\n<p><strong>Des \u00e9changes constructifs avec la jeunesse<\/strong><\/p>\n<p>\u00c0 Bongouanou, la tourn\u00e9e a culmin\u00e9 avec une rencontre baptis\u00e9e &#8220;Rendez-vous avec les jeunes&#8221;. Cette rencontre a permis des \u00e9changes directs entre le ministre, les \u00e9lus locaux, et les jeunes. Le ministre a soulign\u00e9 l&#8217;importance du contact physique dans les d\u00e9marches administratives, tout en encourageant les jeunes \u00e0 utiliser les outils num\u00e9riques. Des projets structurants ont \u00e9galement \u00e9t\u00e9 annonc\u00e9s pour le Moronou, dont la cr\u00e9ation de quatre fermes et la construction d\u2019un centre de service civique, renfor\u00e7ant ainsi les perspectives \u00e9conomiques et sociales pour la r\u00e9gion.<\/p>\n<p><strong>Un appel \u00e0 l\u2019engagement citoyen<\/strong><\/p>\n<p>Lors de cette visite, l\u2019inspecteur g\u00e9n\u00e9ral d\u2019\u00c9tat Ahoua Ndoli a adress\u00e9 un message poignant aux jeunes. &#8220;Au-del\u00e0 de la politique, ce sont ces projets qui comptent. Pensez \u00e0 votre avenir, \u00e0 vos familles, et saisissez les opportunit\u00e9s qui se pr\u00e9sentent \u00e0 vous.&#8221; Ce plaidoyer a \u00e9t\u00e9 accueilli comme un appel \u00e0 la responsabilit\u00e9 individuelle et collective pour b\u00e2tir un futur prometteur. Avec des r\u00e9sultats et des perspectives ambitieuses, la r\u00e9gion du Moronou s\u2019affirme comme un mod\u00e8le d\u2019insertion et d\u2019autonomisation des jeunes en C\u00f4te d\u2019Ivoire. Ce succ\u00e8s repose sur une collaboration entre les acteurs gouvernementaux, locaux, et les b\u00e9n\u00e9ficiaires, tous unis pour relever le d\u00e9fi de l\u2019emploi et du d\u00e9veloppement communautaire. La tourn\u00e9e dans le Moronou illustre ainsi la volont\u00e9 du gouvernement de transformer la jeunesse en un v\u00e9ritable moteur de croissance pour le pays.<\/p>\n<p><strong>Mamadou Ouattara avec L.Abdul<\/strong><\/p>\n","protected":false},"excerpt":{"rendered":"<p>Du 21 au 23 novembre 2024, le minist\u00e8re de la Promotion de la Jeunesse, de l\u2019Insertion professionnelle et du Service civique a conduit une tourn\u00e9e de proximit\u00e9 dans la r\u00e9gion du Moronou. Ce d\u00e9placement a permis de mesurer l&#8217;impact des dispositifs mis en place pour l\u2019autonomisation et l\u2019insertion professionnelle des jeunes. Cette visite a \u00e9t\u00e9 [&hellip;]<\/p>\n","protected":false},"author":4,"featured_media":35934,"comment_status":"closed","ping_status":"closed","sticky":false,"template":"","format":"standard","meta":{"_monsterinsights_skip_tracking":false,"_monsterinsights_sitenote_active":false,"_monsterinsights_sitenote_note":"","_monsterinsights_sitenote_category":0,"footnotes":""},"categories":[1],"tags":[],"class_list":["post-35933","post","type-post","status-publish","format-standard","has-post-thumbnail","hentry","category-actualites"],"_links":{"self":[{"href":"https:\/\/www.lintelligentdabidjan.info\/news\/wp-json\/wp\/v2\/posts\/35933","targetHints":{"allow":["GET"]}}],"collection":[{"href":"https:\/\/www.lintelligentdabidjan.info\/news\/wp-json\/wp\/v2\/posts"}],"about":[{"href":"https:\/\/www.lintelligentdabidjan.info\/news\/wp-json\/wp\/v2\/types\/post"}],"author":[{"embeddable":true,"href":"https:\/\/www.lintelligentdabidjan.info\/news\/wp-json\/wp\/v2\/users\/4"}],"replies":[{"embeddable":true,"href":"https:\/\/www.lintelligentdabidjan.info\/news\/wp-json\/wp\/v2\/comments?post=35933"}],"version-history":[{"count":1,"href":"https:\/\/www.lintelligentdabidjan.info\/news\/wp-json\/wp\/v2\/posts\/35933\/revisions"}],"predecessor-version":[{"id":35935,"href":"https:\/\/www.lintelligentdabidjan.info\/news\/wp-json\/wp\/v2\/posts\/35933\/revisions\/35935"}],"wp:featuredmedia":[{"embeddable":true,"href":"https:\/\/www.lintelligentdabidjan.info\/news\/wp-json\/wp\/v2\/media\/35934"}],"wp:attachment":[{"href":"https:\/\/www.lintelligentdabidjan.info\/news\/wp-json\/wp\/v2\/media?parent=35933"}],"wp:term":[{"taxonomy":"category","embeddable":true,"href":"https:\/\/www.lintelligentdabidjan.info\/news\/wp-json\/wp\/v2\/categories?post=35933"},{"taxonomy":"post_tag","embeddable":true,"href":"https:\/\/www.lintelligentdabidjan.info\/news\/wp-json\/wp\/v2\/tags?post=35933"}],"curies":[{"name":"wp","href":"https:\/\/api.w.org\/{rel}","templated":true}]}}