{"id":35966,"date":"2024-11-26T05:46:46","date_gmt":"2024-11-26T04:46:46","guid":{"rendered":"https:\/\/www.lintelligentdabidjan.info\/news\/?p=35966"},"modified":"2024-11-26T05:46:49","modified_gmt":"2024-11-26T04:46:49","slug":"forum-international-et-salon-africain-des-transports-la-8e-edition-tient-ses-promesses","status":"publish","type":"post","link":"https:\/\/www.lintelligentdabidjan.info\/news\/forum-international-et-salon-africain-des-transports-la-8e-edition-tient-ses-promesses\/","title":{"rendered":"Forum International et Salon Africain des Transports-La 8\u00e8 \u00e9dition tient ses promesses"},"content":{"rendered":"<p><em><strong>La c\u00e9r\u00e9monie de cl\u00f4ture de la 8\u00e8 \u00e9dition du Forum International et Salon Africain des Transports (Fisat) a eu lieu le samedi 23 novembre 2024  \u00e0 la salle Bouak\u00e9 du Sofitel H\u00f4tel Ivoire d&#8217;Abidjan-Cocody.<\/strong><\/em><\/p>\n<p>Le Forum International et Salon Africain des Transports ( Fisat) qui a ouvert ses portes le jeudi 21 novembre 2024 s&#8217;est cl\u00f4tur\u00e9 apr\u00e8s trois jours de travaux. Selon les organisateurs, le Fisat 8 a align\u00e9 14 conf\u00e9rences et panels explorant la mobilit\u00e9 \u00e9lectrique, la s\u00e9curit\u00e9 routi\u00e8re, le transport multimodal, et les infrastructures num\u00e9riques. Pour cette \u00e9dition,  ce sont 10.000 personnes, une dizaine de d\u00e9l\u00e9gations venues d&#8217;une dizaine de pays dont le Maroc et le S\u00e9n\u00e9gal, ainsi que des repr\u00e9sentants de la Banque Mondiale, de l&#8217;Uemoa et de la Bad qui y ont pris part.<\/p>\n<p>Repr\u00e9sentant  le ministre des Transports , le Directeur de cabinet du ministre  , Con\u00e9 Dioman a traduit sa joie quant \u00e0 la r\u00e9ussite de cette \u00e9dition. Il a marqu\u00e9 son admiration tant sur les \u00e9changes, les panels que sur les perspectives prometteuses pour le futur des transports en Afrique. \u00ab Le Fisat continue de refl\u00e9ter l&#8217;excellence et l&#8217;innovation dans le secteur des transports en Afrique. Je tiens \u00e0 r\u00e9it\u00e9rer le soutien ind\u00e9fectible du minist\u00e8re \u00e0 cette initiative noble. Le Fisat constitue une pierre angulaire dans la strat\u00e9gie de modernisation de notre secteur \u00bb, a-t-il d\u00e9clar\u00e9. <\/p>\n<p>Magnati\u00e9 Bamba, Commissaire g\u00e9n\u00e9rale du Fisat,  a r\u00e9it\u00e9r\u00e9 son engagement \u00e0 pers\u00e9v\u00e9rer sur la voie de l&#8217;excellence pour une prochaine \u00e9dition qui sera encore plus prometteuse. Elle s&#8217;est f\u00e9licit\u00e9e du succ\u00e8s de cette \u00e9dition qui a permis de rassembler un parterre de responsables, de professionnels, d&#8217;experts et de repr\u00e9sentants d&#8217;organisations sous- r\u00e9gionales pour d\u00e9battre de th\u00e9matiques d&#8217;actualit\u00e9 li\u00e9es au secteur du transport. Puis, elle a traduit \u00e0 l\u2019ensemble des institutions, organisateurs, experts et participants qui ont donn\u00e9 un \u00e9clat particulier \u00e0 cet \u00e9v\u00e9nement. Sediko Douka, commissaire charg\u00e9 des infrastructures, de l\u2019\u00e9nergie et de la digitalisation de la commission de la Cedeao, a r\u00e9affirm\u00e9 l&#8217;int\u00e9r\u00eat de ce genre de rencontre pour la vulgarisation des missions et des r\u00e9alisations de la Cedeao. \u00ab Nous sommes pr\u00eats \u00e0 vous accompagner pour les prochaines \u00e9ditions. Non seulement par des apports financiers mais aussi dans la mobilisation des autres \u00c9tats \u00bb, a-t-il promis.<\/p>\n<p><strong>Tour\u00e9 Abdoulaye avec A. Traor\u00e9 <\/strong><\/p>\n","protected":false},"excerpt":{"rendered":"<p>La c\u00e9r\u00e9monie de cl\u00f4ture de la 8\u00e8 \u00e9dition du Forum International et Salon Africain des Transports (Fisat) a eu lieu le samedi 23 novembre 2024 \u00e0 la salle Bouak\u00e9 du Sofitel H\u00f4tel Ivoire d&#8217;Abidjan-Cocody. Le Forum International et Salon Africain des Transports ( Fisat) qui a ouvert ses portes le jeudi 21 novembre 2024 s&#8217;est [&hellip;]<\/p>\n","protected":false},"author":4,"featured_media":35967,"comment_status":"closed","ping_status":"closed","sticky":false,"template":"","format":"standard","meta":{"_monsterinsights_skip_tracking":false,"_monsterinsights_sitenote_active":false,"_monsterinsights_sitenote_note":"","_monsterinsights_sitenote_category":0,"footnotes":""},"categories":[2,18],"tags":[4326,4328,4327],"class_list":["post-35966","post","type-post","status-publish","format-standard","has-post-thumbnail","hentry","category-featured","category-economie","tag-forum-international","tag-la-8e-edition","tag-salon-africain-des-transports"],"_links":{"self":[{"href":"https:\/\/www.lintelligentdabidjan.info\/news\/wp-json\/wp\/v2\/posts\/35966","targetHints":{"allow":["GET"]}}],"collection":[{"href":"https:\/\/www.lintelligentdabidjan.info\/news\/wp-json\/wp\/v2\/posts"}],"about":[{"href":"https:\/\/www.lintelligentdabidjan.info\/news\/wp-json\/wp\/v2\/types\/post"}],"author":[{"embeddable":true,"href":"https:\/\/www.lintelligentdabidjan.info\/news\/wp-json\/wp\/v2\/users\/4"}],"replies":[{"embeddable":true,"href":"https:\/\/www.lintelligentdabidjan.info\/news\/wp-json\/wp\/v2\/comments?post=35966"}],"version-history":[{"count":1,"href":"https:\/\/www.lintelligentdabidjan.info\/news\/wp-json\/wp\/v2\/posts\/35966\/revisions"}],"predecessor-version":[{"id":35968,"href":"https:\/\/www.lintelligentdabidjan.info\/news\/wp-json\/wp\/v2\/posts\/35966\/revisions\/35968"}],"wp:featuredmedia":[{"embeddable":true,"href":"https:\/\/www.lintelligentdabidjan.info\/news\/wp-json\/wp\/v2\/media\/35967"}],"wp:attachment":[{"href":"https:\/\/www.lintelligentdabidjan.info\/news\/wp-json\/wp\/v2\/media?parent=35966"}],"wp:term":[{"taxonomy":"category","embeddable":true,"href":"https:\/\/www.lintelligentdabidjan.info\/news\/wp-json\/wp\/v2\/categories?post=35966"},{"taxonomy":"post_tag","embeddable":true,"href":"https:\/\/www.lintelligentdabidjan.info\/news\/wp-json\/wp\/v2\/tags?post=35966"}],"curies":[{"name":"wp","href":"https:\/\/api.w.org\/{rel}","templated":true}]}}