{"id":35990,"date":"2024-11-28T05:45:47","date_gmt":"2024-11-28T04:45:47","guid":{"rendered":"https:\/\/www.lintelligentdabidjan.info\/news\/?p=35990"},"modified":"2024-11-28T05:46:10","modified_gmt":"2024-11-28T04:46:10","slug":"kandia-camara-maire-dabobo-la-jeunesse-est-notre-priorite-tout-comme-celle-du-president-de-la-republique","status":"publish","type":"post","link":"https:\/\/www.lintelligentdabidjan.info\/news\/kandia-camara-maire-dabobo-la-jeunesse-est-notre-priorite-tout-comme-celle-du-president-de-la-republique\/","title":{"rendered":"Kandia Camara, maire d\u2019Abobo : \u00ab La jeunesse est notre priorit\u00e9 tout comme celle du pr\u00e9sident de la R\u00e9publique \u00bb"},"content":{"rendered":"<p><em><strong>Selon une note re\u00e7ue,   l\u2019Union de la jeunesse communale d\u2019Abobo (Ujca) a proc\u00e9d\u00e9 \u00e0 la remise officielle de dons aux jeunes de la commune dans le cadre du Projet d\u2019Aide aux Jeunes d\u2019Abobo (Pajab) le jeudi 21 novembre 2024, dans la salle de mariage de la mairie   en pr\u00e9sence  de la maire Kandia Camara, marraine de l&#8217;\u00e9v\u00e9nement.<\/strong><\/em><\/p>\n<p>La premi\u00e8re magistrate d\u2019Abobo s\u2019est r\u00e9jouie de l\u2019existence de l\u2019Ujca, une initiative qu\u2019elle a contribu\u00e9 \u00e0 cr\u00e9er pour f\u00e9d\u00e9rer les jeunes de la commune et leur donner une voix au sein du Conseil municipal. \u00ab Depuis 2000, cette union n\u2019existait pas \u00e0 Abobo. Nous l\u2019avons mise en place pour permettre aux jeunes de s\u2019organiser, de devenir entreprenants et de g\u00e9rer des ressources mises \u00e0 leur disposition. Le pr\u00e9sident Konat\u00e9 et son \u00e9quipe en sont un exemple concret \u00bb, a-t-elle d\u00e9clar\u00e9 avec enthousiasme. Dans son discours, Kandia Camara a soulign\u00e9 l\u2019importance de la jeunesse pour le d\u00e9veloppement local et national :  \u00ab La jeunesse est notre priorit\u00e9 tout comme celle du pr\u00e9sident de la R\u00e9publique, S.E.M. Alassane Ouattara.&#8221; Elle a encourag\u00e9 les jeunes \u00e0 suivre l\u2019exemple du bureau de l\u2019Ujca, qui incarne les valeurs d\u2019unit\u00e9 et de responsabilit\u00e9. \u00ab Tant que la jeunesse d\u2019Abobo va se montrer responsable, vous pouvez toujours compter sur moi \u00bb, a-t-elle promis.<\/p>\n<p>Le pr\u00e9sident de l\u2019Ujca, Konat\u00e9 Losseni, a exprim\u00e9 sa gratitude envers la maire Kandia Camara pour son soutien ind\u00e9fectible et sa vision en faveur des jeunes. Il a salu\u00e9 la cr\u00e9ation de l\u2019Ujca comme une r\u00e9paration d\u2019une injustice historique, ajoutant : \u00ab Nous suivons les traces de maman Kandia Camara, qui incarne les valeurs de partage et de solidarit\u00e9. Inspir\u00e9s par sa g\u00e9n\u00e9rosit\u00e9, nous avons d\u00e9cid\u00e9 de consacrer une partie de notre budget annuel pour aider les jeunes \u00bb. Il a \u00e9galement annonc\u00e9 que cette initiative serait d\u00e9sormais institutionnalis\u00e9e. Au nom des b\u00e9n\u00e9ficiaires, N&#8217;dri Konan Kouassi a exprim\u00e9 une profonde reconnaissance \u00e0 l\u2019endroit de Madame le Maire et de l\u2019Ujca. La c\u00e9r\u00e9monie s\u2019est conclue par la remise des dons, compos\u00e9s de 15 r\u00e9frig\u00e9rateurs, 50 mixeurs, 20 glaci\u00e8res, une tonne de riz, ainsi qu\u2019une enveloppe en num\u00e9raire. Ces \u00e9quipements et denr\u00e9es permettront aux jeunes b\u00e9n\u00e9ficiaires de lancer ou de renforcer leurs activit\u00e9s g\u00e9n\u00e9ratrices de revenus. Avec cette initiative, le Conseil municipal d\u2019Abobo r\u00e9affirme son engagement envers la jeunesse, pierre angulaire du d\u00e9veloppement durable.<\/p>\n<p><strong>Abdoulaye Traor\u00e9 et  Ly Abdul<\/strong><\/p>\n","protected":false},"excerpt":{"rendered":"<p>Selon une note re\u00e7ue, l\u2019Union de la jeunesse communale d\u2019Abobo (Ujca) a proc\u00e9d\u00e9 \u00e0 la remise officielle de dons aux jeunes de la commune dans le cadre du Projet d\u2019Aide aux Jeunes d\u2019Abobo (Pajab) le jeudi 21 novembre 2024, dans la salle de mariage de la mairie en pr\u00e9sence de la maire Kandia Camara, marraine [&hellip;]<\/p>\n","protected":false},"author":4,"featured_media":35991,"comment_status":"closed","ping_status":"closed","sticky":false,"template":"","format":"standard","meta":{"_monsterinsights_skip_tracking":false,"_monsterinsights_sitenote_active":false,"_monsterinsights_sitenote_note":"","_monsterinsights_sitenote_category":0,"footnotes":""},"categories":[2,3],"tags":[691,336,4338,1914],"class_list":["post-35990","post","type-post","status-publish","format-standard","has-post-thumbnail","hentry","category-featured","category-societe","tag-jeunesse","tag-kandia-camara","tag-maire-dabobo","tag-president-de-la-republique"],"_links":{"self":[{"href":"https:\/\/www.lintelligentdabidjan.info\/news\/wp-json\/wp\/v2\/posts\/35990","targetHints":{"allow":["GET"]}}],"collection":[{"href":"https:\/\/www.lintelligentdabidjan.info\/news\/wp-json\/wp\/v2\/posts"}],"about":[{"href":"https:\/\/www.lintelligentdabidjan.info\/news\/wp-json\/wp\/v2\/types\/post"}],"author":[{"embeddable":true,"href":"https:\/\/www.lintelligentdabidjan.info\/news\/wp-json\/wp\/v2\/users\/4"}],"replies":[{"embeddable":true,"href":"https:\/\/www.lintelligentdabidjan.info\/news\/wp-json\/wp\/v2\/comments?post=35990"}],"version-history":[{"count":1,"href":"https:\/\/www.lintelligentdabidjan.info\/news\/wp-json\/wp\/v2\/posts\/35990\/revisions"}],"predecessor-version":[{"id":35992,"href":"https:\/\/www.lintelligentdabidjan.info\/news\/wp-json\/wp\/v2\/posts\/35990\/revisions\/35992"}],"wp:featuredmedia":[{"embeddable":true,"href":"https:\/\/www.lintelligentdabidjan.info\/news\/wp-json\/wp\/v2\/media\/35991"}],"wp:attachment":[{"href":"https:\/\/www.lintelligentdabidjan.info\/news\/wp-json\/wp\/v2\/media?parent=35990"}],"wp:term":[{"taxonomy":"category","embeddable":true,"href":"https:\/\/www.lintelligentdabidjan.info\/news\/wp-json\/wp\/v2\/categories?post=35990"},{"taxonomy":"post_tag","embeddable":true,"href":"https:\/\/www.lintelligentdabidjan.info\/news\/wp-json\/wp\/v2\/tags?post=35990"}],"curies":[{"name":"wp","href":"https:\/\/api.w.org\/{rel}","templated":true}]}}