{"id":36009,"date":"2024-11-29T05:58:09","date_gmt":"2024-11-29T04:58:09","guid":{"rendered":"https:\/\/www.lintelligentdabidjan.info\/news\/?p=36009"},"modified":"2024-11-29T05:58:15","modified_gmt":"2024-11-29T04:58:15","slug":"lancement-du-fonds-dinvestissement-minier-sangafowa-coulibaly-une-reponse-innovante-et-strategique-aux-defis-structurels-et-financiers","status":"publish","type":"post","link":"https:\/\/www.lintelligentdabidjan.info\/news\/lancement-du-fonds-dinvestissement-minier-sangafowa-coulibaly-une-reponse-innovante-et-strategique-aux-defis-structurels-et-financiers\/","title":{"rendered":"Lancement du Fonds d\u2019Investissement Minier &#8211; Sangafowa COULIBALY :   &#8220;Une r\u00e9ponse innovante et strat\u00e9gique aux d\u00e9fis structurels et financiers&#8221;"},"content":{"rendered":"<p><em><strong>Le Fonds d\u2019Investissement Minier a \u00e9t\u00e9 officiellement lanc\u00e9 le jeudi 28 novembre 2024, \u00e0 l\u2019occasion du Salon International des Ressources Extractives et \u00c9nerg\u00e9tiques (SIREXE) par le ministre des Mines, du P\u00e9trole et de l\u2019\u00c9nergie, Mamadou Sangafowa COULIBALY. Ce fonds se veut un outil de transformation du secteur minier ivoirien.<\/strong><\/em><\/p>\n<p><strong>Un projet ambitieux pour r\u00e9pondre aux d\u00e9fis du secteur<\/strong><\/p>\n<p>Lors de son intervention, Mamadou Sangafowa COULIBALY a soulign\u00e9 les d\u00e9fis majeurs auxquels le secteur minier est confront\u00e9, malgr\u00e9 sa contribution significative \u00e0 la croissance \u00e9conomique et \u00e0 la cr\u00e9ation d\u2019emplois en C\u00f4te d\u2019Ivoire :<\/p>\n<p>\u00ab Depuis de nombreuses ann\u00e9es, le secteur minier ivoirien contribue de mani\u00e8re significative \u00e0 la croissance \u00e9conomique et \u00e0 la cr\u00e9ation d\u2019emplois. Cependant, nous sommes conscients des d\u00e9fis structurels et financiers auxquels il fait face, notamment en ce qui concerne l\u2019acc\u00e8s au financement, l\u2019inclusion des acteurs locaux, et le renforcement des capacit\u00e9s humaines et techniques. Le Fonds d\u2019Investissement Minier se positionne comme une r\u00e9ponse innovante et strat\u00e9gique \u00e0 ces d\u00e9fis. \u00bb<\/p>\n<p>Le ministre a pr\u00e9cis\u00e9 que ce m\u00e9canisme participatif vise \u00e0 mobiliser les ressources des salari\u00e9s, des entreprises mini\u00e8res et des institutions financi\u00e8res pour soutenir les initiatives locales. Il a ajout\u00e9 :<\/p>\n<p>\u00ab Ce fonds ne se limite pas \u00e0 un simple v\u00e9hicule d\u2019investissement. Il est con\u00e7u pour \u00eatre un outil de transformation structurelle du secteur. \u00bb<\/p>\n<p><strong>Trois objectifs prioritaires<\/strong><\/p>\n<p>Le Fonds d\u2019Investissement Minier s\u2019articule autour de trois grands axes pour d\u00e9velopper durablement le secteur minier ivoirien :<\/p>\n<p><strong>1. Promouvoir l\u2019\u00e9pargne des salari\u00e9s du secteur minier :<\/strong><\/p>\n<p>Offrir aux travailleurs une opportunit\u00e9 d\u2019investir dans un dispositif s\u00e9curis\u00e9 et rentable, tout en participant au d\u00e9veloppement \u00e9conomique global du secteur.<\/p>\n<p><strong>2. Renforcer l\u2019acc\u00e8s au financement pour les entreprises locales et leurs sous-traitants :<\/strong><\/p>\n<p>En ciblant sp\u00e9cifiquement les entreprises mini\u00e8res ivoiriennes et les PME sous-traitantes, ce fonds favorisera l\u2019\u00e9mergence d\u2019un tissu industriel solide et comp\u00e9titif.<\/p>\n<p><strong>3. Soutenir la formation, la recherche et l\u2019innovation :<\/strong><\/p>\n<p>Ces piliers sont essentiels pour garantir la durabilit\u00e9 et la comp\u00e9titivit\u00e9 du secteur, tout en r\u00e9pondant aux exigences croissantes de performance et de responsabilit\u00e9 sociale.<\/p>\n<p><strong>Un partenariat avec les acteurs locaux<\/strong><\/p>\n<p>Mamadou Sangafowa COULIBALY a salu\u00e9 l\u2019implication du Groupement des Professionnels du Secteur Minier de C\u00f4te d\u2019Ivoire (GPMCI), pr\u00e9sid\u00e9 par Jean-Claude Diplo, dans la mise en place de ce fonds. Il a conclu son discours en appelant \u00e0 une collaboration renforc\u00e9e :<\/p>\n<p>\u00ab Ensemble, transformons les d\u00e9fis en opportunit\u00e9s et b\u00e2tissons un secteur minier \u00e0 la hauteur des aspirations de notre nation. \u00bb<\/p>\n<p><strong>Olivier Dion<\/strong><\/p>\n","protected":false},"excerpt":{"rendered":"<p>Le Fonds d\u2019Investissement Minier a \u00e9t\u00e9 officiellement lanc\u00e9 le jeudi 28 novembre 2024, \u00e0 l\u2019occasion du Salon International des Ressources Extractives et \u00c9nerg\u00e9tiques (SIREXE) par le ministre des Mines, du P\u00e9trole et de l\u2019\u00c9nergie, Mamadou Sangafowa COULIBALY. Ce fonds se veut un outil de transformation du secteur minier ivoirien. Un projet ambitieux pour r\u00e9pondre aux [&hellip;]<\/p>\n","protected":false},"author":4,"featured_media":36010,"comment_status":"closed","ping_status":"closed","sticky":false,"template":"","format":"standard","meta":{"_monsterinsights_skip_tracking":false,"_monsterinsights_sitenote_active":false,"_monsterinsights_sitenote_note":"","_monsterinsights_sitenote_category":0,"footnotes":""},"categories":[2,18],"tags":[4346,4343,4344,4345],"class_list":["post-36009","post","type-post","status-publish","format-standard","has-post-thumbnail","hentry","category-featured","category-economie","tag-financiers","tag-lancement-du-fonds-dinvestissement-minier","tag-sangafowa-coulibaly","tag-strategique"],"_links":{"self":[{"href":"https:\/\/www.lintelligentdabidjan.info\/news\/wp-json\/wp\/v2\/posts\/36009","targetHints":{"allow":["GET"]}}],"collection":[{"href":"https:\/\/www.lintelligentdabidjan.info\/news\/wp-json\/wp\/v2\/posts"}],"about":[{"href":"https:\/\/www.lintelligentdabidjan.info\/news\/wp-json\/wp\/v2\/types\/post"}],"author":[{"embeddable":true,"href":"https:\/\/www.lintelligentdabidjan.info\/news\/wp-json\/wp\/v2\/users\/4"}],"replies":[{"embeddable":true,"href":"https:\/\/www.lintelligentdabidjan.info\/news\/wp-json\/wp\/v2\/comments?post=36009"}],"version-history":[{"count":1,"href":"https:\/\/www.lintelligentdabidjan.info\/news\/wp-json\/wp\/v2\/posts\/36009\/revisions"}],"predecessor-version":[{"id":36011,"href":"https:\/\/www.lintelligentdabidjan.info\/news\/wp-json\/wp\/v2\/posts\/36009\/revisions\/36011"}],"wp:featuredmedia":[{"embeddable":true,"href":"https:\/\/www.lintelligentdabidjan.info\/news\/wp-json\/wp\/v2\/media\/36010"}],"wp:attachment":[{"href":"https:\/\/www.lintelligentdabidjan.info\/news\/wp-json\/wp\/v2\/media?parent=36009"}],"wp:term":[{"taxonomy":"category","embeddable":true,"href":"https:\/\/www.lintelligentdabidjan.info\/news\/wp-json\/wp\/v2\/categories?post=36009"},{"taxonomy":"post_tag","embeddable":true,"href":"https:\/\/www.lintelligentdabidjan.info\/news\/wp-json\/wp\/v2\/tags?post=36009"}],"curies":[{"name":"wp","href":"https:\/\/api.w.org\/{rel}","templated":true}]}}