{"id":36012,"date":"2024-11-29T06:02:45","date_gmt":"2024-11-29T05:02:45","guid":{"rendered":"https:\/\/www.lintelligentdabidjan.info\/news\/?p=36012"},"modified":"2024-11-29T06:02:51","modified_gmt":"2024-11-29T05:02:51","slug":"immatriculation-initiale-des-vehicules-voici-le-bilan-de-la-phase-pilote-un-an-apres-le-lancement","status":"publish","type":"post","link":"https:\/\/www.lintelligentdabidjan.info\/news\/immatriculation-initiale-des-vehicules-voici-le-bilan-de-la-phase-pilote-un-an-apres-le-lancement\/","title":{"rendered":"Immatriculation initiale des v\u00e9hicules-Voici le bilan de la phase pilote, un an apr\u00e8s le lancement"},"content":{"rendered":"<p><em><strong>Le bilan de la phase pilote du Nouveau syst\u00e8me d&#8217;immatriculation initiale des v\u00e9hicules (NSIIV) a \u00e9t\u00e9 pr\u00e9sent\u00e9 le jeudi 28 novembre 2024.<\/strong><\/em><\/p>\n<p>Lanc\u00e9e le 1er juin 2024, la phase pilote du NSIIV est jug\u00e9e satisfaisante. Lors d\u2019une \u00e9valuation tenue \u00e0 la Direction g\u00e9n\u00e9rale des transports terrestres et de la circulation (DGTTC) \u00e0 Abidjan-Plateau, Abdoulaye Alliagui, directeur de cabinet adjoint du ministre des Transports, a d\u00e9voil\u00e9 les chiffres de cette initiative.<\/p>\n<p> &#8220;Cette phase pilote a produit des r\u00e9sultats encourageants, mais il reste des aspects \u00e0 am\u00e9liorer et une dynamique \u00e0 renforcer. Nous sommes en train de faire le point avec l\u2019ensemble des acteurs impliqu\u00e9s dans la production des plaques. Le gouvernement, en lan\u00e7ant ce nouveau syst\u00e8me, visait trois objectifs : acc\u00e9l\u00e9rer la production des plaques d\u2019immatriculation sur l\u2019ensemble du territoire national, produire des plaques uniques, s\u00e9curis\u00e9es et tra\u00e7ables, et rapprocher les services en charge de leur production des usagers. Nous pouvons dire que nous sommes tr\u00e8s satisfaits du processus mis en place, et la vulgarisation de l\u2019op\u00e9ration peut d\u00e9sormais commencer, sur instruction du ministre des Transports&#8221;, a indiqu\u00e9 Abdoulaye Alliagui.<\/p>\n<p>Il a \u00e9galement fourni des chiffres sur l\u2019\u00e9volution de la mise en \u0153uvre :<\/p>\n<p> &#8220;Du 1er juin au 31 d\u00e9cembre 2023, pr\u00e8s de 20 000 v\u00e9hicules ont \u00e9t\u00e9 \u00e9quip\u00e9s des nouvelles plaques d\u2019immatriculation. Pour l\u2019ann\u00e9e 2024, soit du 1er janvier \u00e0 fin octobre, pr\u00e8s de 60 000 v\u00e9hicules ont b\u00e9n\u00e9fici\u00e9 des nouvelles plaques, soit trois fois plus que durant le second semestre 2023. La cadence est excellente&#8221;, a-t-il pr\u00e9cis\u00e9.<\/p>\n<p><strong>Des insuffisances \u00e0 corriger<\/strong><\/p>\n<p>Le directeur de cabinet adjoint a toutefois relev\u00e9 certaines insuffisances qui devront \u00eatre corrig\u00e9es.<\/p>\n<p>&#8220;Ces insuffisances concernent l\u2019efficacit\u00e9 des interventions dans les diff\u00e9rents services. Elles ne sont pas li\u00e9es \u00e0 un probl\u00e8me op\u00e9rationnel. Nous travaillons \u00e0 fluidifier le traitement des dossiers afin de mieux r\u00e9pondre aux attentes des usagers&#8221;, a-t-il expliqu\u00e9.<\/p>\n<p><strong>Des co\u00fbts identiques \u00e0 ceux de l\u2019ancien syst\u00e8me<\/strong><\/p>\n<p>Souleymane Tour\u00e9, directeur g\u00e9n\u00e9ral du Guichet unique automobile, a rassur\u00e9 les usagers sur les questions de co\u00fbts :<\/p>\n<p> &#8220;Il est important de distinguer entre les primo-immatriculations et les post-immatriculations, mais les co\u00fbts restent identiques. Le ministre des Transports, Amadou Kon\u00e9, a sign\u00e9 un arr\u00eat\u00e9 confirmant que les tarifs des plaques restent inchang\u00e9s, qu\u2019il s\u2019agisse des plaques bleues ou des nouvelles plaques. L\u2019objectif est que la mise en \u0153uvre du nouveau syst\u00e8me ne g\u00e9n\u00e8re pas de co\u00fbts suppl\u00e9mentaires pour les usagers&#8221;, a-t-il pr\u00e9cis\u00e9.<\/p>\n<p>Il a \u00e9galement lanc\u00e9 un appel aux propri\u00e9taires d\u2019engins \u00e0 deux ou trois roues, leur rappelant l\u2019importance d\u2019immatriculer leurs v\u00e9hicules pour des raisons de s\u00e9curit\u00e9.<\/p>\n<p><strong>Olivier Dion<\/strong><\/p>\n","protected":false},"excerpt":{"rendered":"<p>Le bilan de la phase pilote du Nouveau syst\u00e8me d&#8217;immatriculation initiale des v\u00e9hicules (NSIIV) a \u00e9t\u00e9 pr\u00e9sent\u00e9 le jeudi 28 novembre 2024. Lanc\u00e9e le 1er juin 2024, la phase pilote du NSIIV est jug\u00e9e satisfaisante. Lors d\u2019une \u00e9valuation tenue \u00e0 la Direction g\u00e9n\u00e9rale des transports terrestres et de la circulation (DGTTC) \u00e0 Abidjan-Plateau, Abdoulaye Alliagui, [&hellip;]<\/p>\n","protected":false},"author":4,"featured_media":36013,"comment_status":"closed","ping_status":"closed","sticky":false,"template":"","format":"standard","meta":{"_monsterinsights_skip_tracking":false,"_monsterinsights_sitenote_active":false,"_monsterinsights_sitenote_note":"","_monsterinsights_sitenote_category":0,"footnotes":""},"categories":[2,18,3],"tags":[],"class_list":["post-36012","post","type-post","status-publish","format-standard","has-post-thumbnail","hentry","category-featured","category-economie","category-societe"],"_links":{"self":[{"href":"https:\/\/www.lintelligentdabidjan.info\/news\/wp-json\/wp\/v2\/posts\/36012","targetHints":{"allow":["GET"]}}],"collection":[{"href":"https:\/\/www.lintelligentdabidjan.info\/news\/wp-json\/wp\/v2\/posts"}],"about":[{"href":"https:\/\/www.lintelligentdabidjan.info\/news\/wp-json\/wp\/v2\/types\/post"}],"author":[{"embeddable":true,"href":"https:\/\/www.lintelligentdabidjan.info\/news\/wp-json\/wp\/v2\/users\/4"}],"replies":[{"embeddable":true,"href":"https:\/\/www.lintelligentdabidjan.info\/news\/wp-json\/wp\/v2\/comments?post=36012"}],"version-history":[{"count":1,"href":"https:\/\/www.lintelligentdabidjan.info\/news\/wp-json\/wp\/v2\/posts\/36012\/revisions"}],"predecessor-version":[{"id":36014,"href":"https:\/\/www.lintelligentdabidjan.info\/news\/wp-json\/wp\/v2\/posts\/36012\/revisions\/36014"}],"wp:featuredmedia":[{"embeddable":true,"href":"https:\/\/www.lintelligentdabidjan.info\/news\/wp-json\/wp\/v2\/media\/36013"}],"wp:attachment":[{"href":"https:\/\/www.lintelligentdabidjan.info\/news\/wp-json\/wp\/v2\/media?parent=36012"}],"wp:term":[{"taxonomy":"category","embeddable":true,"href":"https:\/\/www.lintelligentdabidjan.info\/news\/wp-json\/wp\/v2\/categories?post=36012"},{"taxonomy":"post_tag","embeddable":true,"href":"https:\/\/www.lintelligentdabidjan.info\/news\/wp-json\/wp\/v2\/tags?post=36012"}],"curies":[{"name":"wp","href":"https:\/\/api.w.org\/{rel}","templated":true}]}}