{"id":36024,"date":"2024-11-29T06:19:19","date_gmt":"2024-11-29T05:19:19","guid":{"rendered":"https:\/\/www.lintelligentdabidjan.info\/news\/?p=36024"},"modified":"2024-11-29T06:19:19","modified_gmt":"2024-11-29T05:19:19","slug":"formation-en-data-et-en-ia-omnes-education-sengage-pour-lavenir","status":"publish","type":"post","link":"https:\/\/www.lintelligentdabidjan.info\/news\/formation-en-data-et-en-ia-omnes-education-sengage-pour-lavenir\/","title":{"rendered":"Formation en Data et en IA-Omnes Education s&#8217;engage pour l\u2019avenir"},"content":{"rendered":"<p><em><strong>Jos\u00e9 Milano, pr\u00e9sident ex\u00e9cutif du groupe Omnes \u00c9ducation, a anim\u00e9 une conf\u00e9rence de presse, le mercredi 27 novembre 2024 \u00e0 Abidjan-Plateau pour annoncer l&#8217;ouverture d&#8217;un nouveau campus.<\/strong><\/em><\/p>\n<p>Lors de cette conf\u00e9rence de presse, Jos\u00e9 Milano, pr\u00e9sident ex\u00e9cutif du groupe OMNES \u00c9ducation a indiqu\u00e9 que ce projet vise \u00e0 renforcer les comp\u00e9tences de 1 000 \u00e9tudiants en Data, Intelligence Artificielle (IA) et Responsabilit\u00e9 Soci\u00e9tale des Entreprises (RSE) d&#8217;ici 2027. Un projet en r\u00e9ponse \u00e0 la transformation num\u00e9rique. Il a soulign\u00e9 que cette initiative, valid\u00e9e par le minist\u00e8re de l&#8217;Enseignement sup\u00e9rieur et de la Recherche scientifique, s&#8217;inscrit dans une strat\u00e9gie globale pour r\u00e9pondre aux besoins croissants de la transformation num\u00e9rique en C\u00f4te d&#8217;Ivoire. Les formations propos\u00e9es visent \u00e0 doter les \u00e9tudiants de comp\u00e9tences essentielles pour des secteurs cl\u00e9s de l&#8217;\u00e9conomie du pays, tels que l&#8217;exploitation mini\u00e8re, les services financiers, la construction, l&#8217;agroalimentaire, la logistique et l&#8217;h\u00f4tellerie. \u00ab Ce projet de d\u00e9ploiement en C\u00f4te d&#8217;Ivoire est une \u00e9tape strat\u00e9gique majeure dans la vision internationale du groupe Omnes \u00c9ducation. Nous croyons fermement que l\u2019enseignement sup\u00e9rieur doit \u00eatre un levier pour l&#8217;ouverture au monde et la formation de talents, afin de relever les d\u00e9fis \u00e9conomiques et sociaux \u00bb, a-t-il d\u00e9clar\u00e9. Le groupe revendique un taux d\u2019insertion professionnelle de 95 % en France. Une vision qu\u2019il veut d\u00e9velopper en C\u00f4te d\u2019Ivoire afin de contribuer \u00e0 l\u2019insertion professionnelle des jeunes.<\/p>\n<p><strong>Engagement en mati\u00e8re de responsabilit\u00e9 soci\u00e9tale<\/strong><\/p>\n<p>En plus de la formation, Jos\u00e9 Milano a annonc\u00e9 des initiatives ax\u00e9es sur la responsabilit\u00e9 soci\u00e9tale et environnementale. Il a expliqu\u00e9 que le groupe int\u00e8gre \u00e9galement la transition sociale et environnementale dans ses programmes et ses travaux de recherche, tout en d\u00e9veloppant une offre de Responsabilit\u00e9 soci\u00e9tale des entreprises align\u00e9e sur les enjeux climatiques et de biodiversit\u00e9. \u00ab Nous allons nous engager sur une trajectoire de baisse de gaz \u00e0 effet de serre de 2 % par an, avec des actions cibl\u00e9es sur les plus \u00e9metteurs. Sur le pilier soci\u00e9tal, nous d\u00e9velopperons une politique d&#8217;\u00e9galit\u00e9, de diversit\u00e9 et d&#8217;inclusion pour nos collaborateurs et \u00e9tudiants \u00bb, a-t-il ajout\u00e9.<\/p>\n<p>Le groupe proposera d\u00e8s la rentr\u00e9e 2025, des formations certifi\u00e9es Datascientest en distanciel et des formations en ing\u00e9nierie du num\u00e9rique et IA, management, et sciences politiques, avec 12 programmes en Bachelor et Master of Sciences.<\/p>\n<p><strong>Tour\u00e9 Abdoulaye avec A. Traor\u00e9<\/strong><\/p>\n","protected":false},"excerpt":{"rendered":"<p>Jos\u00e9 Milano, pr\u00e9sident ex\u00e9cutif du groupe Omnes \u00c9ducation, a anim\u00e9 une conf\u00e9rence de presse, le mercredi 27 novembre 2024 \u00e0 Abidjan-Plateau pour annoncer l&#8217;ouverture d&#8217;un nouveau campus. Lors de cette conf\u00e9rence de presse, Jos\u00e9 Milano, pr\u00e9sident ex\u00e9cutif du groupe OMNES \u00c9ducation a indiqu\u00e9 que ce projet vise \u00e0 renforcer les comp\u00e9tences de 1 000 \u00e9tudiants [&hellip;]<\/p>\n","protected":false},"author":4,"featured_media":36025,"comment_status":"closed","ping_status":"closed","sticky":false,"template":"","format":"standard","meta":{"_monsterinsights_skip_tracking":false,"_monsterinsights_sitenote_active":false,"_monsterinsights_sitenote_note":"","_monsterinsights_sitenote_category":0,"footnotes":""},"categories":[2,3],"tags":[1648,4353,1200,1590,4354],"class_list":["post-36024","post","type-post","status-publish","format-standard","has-post-thumbnail","hentry","category-featured","category-societe","tag-avenir","tag-data","tag-education","tag-formation","tag-ia-omnes"],"_links":{"self":[{"href":"https:\/\/www.lintelligentdabidjan.info\/news\/wp-json\/wp\/v2\/posts\/36024","targetHints":{"allow":["GET"]}}],"collection":[{"href":"https:\/\/www.lintelligentdabidjan.info\/news\/wp-json\/wp\/v2\/posts"}],"about":[{"href":"https:\/\/www.lintelligentdabidjan.info\/news\/wp-json\/wp\/v2\/types\/post"}],"author":[{"embeddable":true,"href":"https:\/\/www.lintelligentdabidjan.info\/news\/wp-json\/wp\/v2\/users\/4"}],"replies":[{"embeddable":true,"href":"https:\/\/www.lintelligentdabidjan.info\/news\/wp-json\/wp\/v2\/comments?post=36024"}],"version-history":[{"count":1,"href":"https:\/\/www.lintelligentdabidjan.info\/news\/wp-json\/wp\/v2\/posts\/36024\/revisions"}],"predecessor-version":[{"id":36026,"href":"https:\/\/www.lintelligentdabidjan.info\/news\/wp-json\/wp\/v2\/posts\/36024\/revisions\/36026"}],"wp:featuredmedia":[{"embeddable":true,"href":"https:\/\/www.lintelligentdabidjan.info\/news\/wp-json\/wp\/v2\/media\/36025"}],"wp:attachment":[{"href":"https:\/\/www.lintelligentdabidjan.info\/news\/wp-json\/wp\/v2\/media?parent=36024"}],"wp:term":[{"taxonomy":"category","embeddable":true,"href":"https:\/\/www.lintelligentdabidjan.info\/news\/wp-json\/wp\/v2\/categories?post=36024"},{"taxonomy":"post_tag","embeddable":true,"href":"https:\/\/www.lintelligentdabidjan.info\/news\/wp-json\/wp\/v2\/tags?post=36024"}],"curies":[{"name":"wp","href":"https:\/\/api.w.org\/{rel}","templated":true}]}}