{"id":36039,"date":"2024-11-30T00:43:24","date_gmt":"2024-11-29T23:43:24","guid":{"rendered":"https:\/\/www.lintelligentdabidjan.info\/news\/?p=36039"},"modified":"2024-11-30T00:43:48","modified_gmt":"2024-11-29T23:43:48","slug":"joel-nguessan-rhdp-la-vie-a-ete-penible-en-2024","status":"publish","type":"post","link":"https:\/\/www.lintelligentdabidjan.info\/news\/joel-nguessan-rhdp-la-vie-a-ete-penible-en-2024\/","title":{"rendered":"Joel N\u2019GUESSAN (RHDP)\u00a0: \u00ab\u00a0La vie a \u00e9t\u00e9 p\u00e9nible en 2024\u00a0\u00bb"},"content":{"rendered":"<p><em><br \/>\n<strong>La vie a \u00e9t\u00e9 p\u00e9nible en 2024, selon Joel N\u2019GUESSAN cadre  RHDP<\/strong><\/em><\/p>\n<p>Dans une d\u00e9claration dont nous avons copie le vendredi 29 novembre 2024 , l&#8217;ex-ministre  Jo\u00ebl N\u2019Guessan, membre du Conseil politique du Rassemblement des houphou\u00ebtistes pour la d\u00e9mocratie et la paix (RHDP), estime que la vie a \u00e9t\u00e9 p\u00e9nible en 2024 et exprime l\u2019espoir que l\u2019ann\u00e9e 2025 sera meilleure pour la grande majorit\u00e9 des Ivoiriens. Il a \u00e9galement salu\u00e9 les efforts du gouvernement en faveur des personnes handicap\u00e9es, tout en soulignant les difficult\u00e9s qu\u2019elles rencontrent pour acc\u00e9der aux b\u00e2timents administratifs.<\/p>\n<p>Nous sommes \u00e0 un mois de la fin de l\u2019ann\u00e9e 2024. Une ann\u00e9e o\u00f9 chaque Ivoirien ou habitant de la C\u00f4te d\u2019Ivoire a pu vivre dans un environnement de paix. En cette fin d\u2019ann\u00e9e 2024, nous allons, comme c\u2019est de coutume, adresser des v\u0153ux de bonheur, de sant\u00e9 et de prosp\u00e9rit\u00e9 \u00e0 nos proches et \u00e0 l\u2019ensemble des Ivoiriens.<br \/>\nNous n\u2019avons pas connu, en 2024, les affres de la guerre comme au Moyen-Orient ou \u00e0 d\u2019autres endroits de la plan\u00e8te Terre, avec ces millions de d\u00e9plac\u00e9s vivant dans la faim et la pr\u00e9carit\u00e9 sociale et ces dizaines de milliers de morts et de mutil\u00e9s.<br \/>\nDans quelques semaines, nous allons entrer dans l\u2019ann\u00e9e 2025 avec l\u2019espoir qu\u2019elle sera meilleure pour la grande majorit\u00e9 des Ivoiriens, tant 2024 a \u00e9t\u00e9 difficile.<br \/>\nEn effet, que l\u2019on soit du pouvoir ou de l\u2019opposition, il faut avoir l\u2019honn\u00eatet\u00e9 de dire que la vie a \u00e9t\u00e9 p\u00e9nible en 2024 : loyers, transport, nourriture, etc. Et ce, malgr\u00e9 les nombreuses actions pos\u00e9es par le Gouvernement. Ce n\u2019est pas tout le monde qui arrivait \u00e0 scolariser ses enfants ni \u00e0 subvenir \u00e0 ses besoins quotidiens. J\u2019en veux pour preuve les nombreuses sollicitations dont j\u2019ai \u00e9t\u00e9 l\u2019objet au cours des derni\u00e8res ann\u00e9es. Malheureusement, je n\u2019ai pu satisfaire qu\u2019un nombre restreint de sollicitations. Et je suis convaincu que beaucoup de cadres ivoiriens ont v\u00e9cu la m\u00eame situation que moi.<\/p>\n<p>2025 constitue une ann\u00e9e sp\u00e9ciale pour moi et pour bon nombre de citoyens ivoiriens qui vivent avec un handicap comme moi. En effet, 2025 marque les 50 ans de la cr\u00e9ation de la premi\u00e8re association regroupant les personnes handicap\u00e9es de C\u00f4te d\u2019Ivoire : l\u2019Association des Personnes Handicap\u00e9es de C\u00f4te d\u2019Ivoire (AHPCI).<br \/>\nCinquante ans dans la vie d\u2019une association, ce n\u2019est pas rien, surtout quand cette association existe encore et qu\u2019elle a g\u00e9n\u00e9r\u00e9 et suscit\u00e9 la cr\u00e9ation d\u2019autres associations de m\u00eame nature et visant les m\u00eames objectifs, comme l\u2019association des \u00e9tudiants handicap\u00e9s.<br \/>\nEn d\u00e9cidant, le 24 ao\u00fbt 1975, de cr\u00e9er avec quelques amis dont TANOH Michel, C\u00e9sar, Roger Galli\u00e9, Mo\u00efse (pour ne citer que les premiers responsables \u2013 j\u2019en \u00e9tais le Secr\u00e9taire G\u00e9n\u00e9ral), notre ambition premi\u00e8re, clairement affich\u00e9e dans nos statuts, \u00e9tait de cr\u00e9er les conditions pour l\u2019insertion sociale et professionnelle de toutes les personnes vivant avec un handicap sur le territoire de C\u00f4te d\u2019Ivoire.<br \/>\nDe 1975 \u00e0 ce jour, que de chemins parcourus avec de bons r\u00e9sultats :<br \/>\nAccroissement du nombre de mouvements associatifs ayant pour ambition de promouvoir les personnes en situation de handicap ; nous comptons aujourd\u2019hui 200 associations du secteur ;<br \/>\nCr\u00e9ation de centres de formation et d\u2019apprentissage pour favoriser l\u2019insertion professionnelle des personnes handicap\u00e9es ;<br \/>\nPlaidoyer pour permettre aux \u00e9tudiants handicap\u00e9s de b\u00e9n\u00e9ficier de chambres en cit\u00e9s universitaires et aussi de bourses annuelles ;<br \/>\nVote de la loi 98-594 du 10 novembre 1998 en faveur des personnes vivant avec un handicap ;<br \/>\nRecrutement d\u00e9rogatoire de pr\u00e8s de 2500 personnes, dont pr\u00e8s de 2000 recrut\u00e9es sous le Pr\u00e9sident Alassane Ouattara qui a rendu syst\u00e9matique le recrutement d\u00e9rogatoire des personnes handicap\u00e9es ;<br \/>\nEtc.<\/p>\n<p>Malgr\u00e9 tous ces acquis notables que nous nous devons de saluer, il est bon de signaler que beaucoup reste \u00e0 faire, surtout en ce qui concerne l\u2019accessibilit\u00e9 des personnes handicap\u00e9es aux b\u00e2timents administratifs.<br \/>\nNous pouvons citer entre autres :<br \/>\nLe b\u00e2timent de la Primature qui, jusqu\u2019\u00e0 ce jour, n\u2019a rien pr\u00e9vu dans ce sens malgr\u00e9 mes interpellations amicales des diff\u00e9rents Premiers Ministres qui se sont succ\u00e9d\u00e9 \u00e0 la Primature ;<br \/>\nLe b\u00e2timent du Palais de Justice d\u2019Abidjan dont l\u2019acc\u00e8s est un v\u00e9ritable chemin de croix ;<br \/>\nAinsi que la majorit\u00e9 des b\u00e2timents administratifs sur l\u2019ensemble du territoire ivoirien.<br \/>\nNous avons aussi \u00e9t\u00e9 inform\u00e9s que la future ligne du M\u00e9tro d\u2019Abidjan n\u2019int\u00e8gre pas de syst\u00e8mes et rampes d\u2019acc\u00e8s pour les personnes en situation de handicap. Nous osons esp\u00e9rer que cette information n\u2019est pas vraie, car ce serait une honte pour notre pays.<br \/>\nIl m\u2019a \u00e9t\u00e9 dit par le ministre DOGBO Rapha\u00ebl, Pr\u00e9sident de la F\u00e9d\u00e9ration des Associations de Personnes Handicap\u00e9es de C\u00f4te d\u2019Ivoire (FAPHCI), qu\u2019il est en pourparlers avec le Minist\u00e8re de la Construction, du Logement et de l\u2019Urbanisme pour la prise de d\u00e9crets d\u2019application du Code de la Construction et de l\u2019Habitat de 2019 concernant les personnes handicap\u00e9es. Nous gardons espoir que des mesures pr\u00e9cises seront prises pour am\u00e9liorer l\u2019accessibilit\u00e9 aux b\u00e2timents administratifs des personnes en situation de handicap.<\/p>\n<p>Pour information, il nous a \u00e9t\u00e9 donn\u00e9 de constater que le Pr\u00e9sident Alassane OUATTARA a veill\u00e9 \u00e0 ce que l\u2019accessibilit\u00e9 des personnes handicap\u00e9es aux b\u00e2timents de l\u2019ancien et du nouveau Palais de la Pr\u00e9sidence de la R\u00e9publique soit comprise dans le cahier des charges de construction et de r\u00e9novation. Cela a \u00e9t\u00e9 appliqu\u00e9 et j\u2019en ai personnellement fait le constat.<br \/>\nJe tiens \u00e0 exprimer ma profonde gratitude au Pr\u00e9sident Alassane Ouattara pour son engagement et ses actions en faveur de l&#8217;inclusion et de l&#8217;accessibilit\u00e9 des personnes handicap\u00e9es en C\u00f4te d&#8217;Ivoire. Son soutien ind\u00e9fectible a permis de r\u00e9aliser des avanc\u00e9es significatives pour notre communaut\u00e9.<\/p>\n<p><strong>Le Ministre Jo\u00ebl N\u2019GUESSAN<br \/>\nMembre Fondateur de l\u2019AHPCI<br \/>\nMembre du Conseil Politique du RHDP<\/strong><\/p>\n","protected":false},"excerpt":{"rendered":"<p>La vie a \u00e9t\u00e9 p\u00e9nible en 2024, selon Joel N\u2019GUESSAN cadre RHDP Dans une d\u00e9claration dont nous avons copie le vendredi 29 novembre 2024 , l&#8217;ex-ministre Jo\u00ebl N\u2019Guessan, membre du Conseil politique du Rassemblement des houphou\u00ebtistes pour la d\u00e9mocratie et la paix (RHDP), estime que la vie a \u00e9t\u00e9 p\u00e9nible en 2024 et exprime l\u2019espoir [&hellip;]<\/p>\n","protected":false},"author":4,"featured_media":36040,"comment_status":"closed","ping_status":"closed","sticky":false,"template":"","format":"standard","meta":{"_monsterinsights_skip_tracking":false,"_monsterinsights_sitenote_active":false,"_monsterinsights_sitenote_note":"","_monsterinsights_sitenote_category":0,"footnotes":""},"categories":[2,17],"tags":[42,4358,144,2255],"class_list":["post-36039","post","type-post","status-publish","format-standard","has-post-thumbnail","hentry","category-featured","category-politique","tag-joel-nguessan","tag-penible","tag-rhdp","tag-vie"],"_links":{"self":[{"href":"https:\/\/www.lintelligentdabidjan.info\/news\/wp-json\/wp\/v2\/posts\/36039","targetHints":{"allow":["GET"]}}],"collection":[{"href":"https:\/\/www.lintelligentdabidjan.info\/news\/wp-json\/wp\/v2\/posts"}],"about":[{"href":"https:\/\/www.lintelligentdabidjan.info\/news\/wp-json\/wp\/v2\/types\/post"}],"author":[{"embeddable":true,"href":"https:\/\/www.lintelligentdabidjan.info\/news\/wp-json\/wp\/v2\/users\/4"}],"replies":[{"embeddable":true,"href":"https:\/\/www.lintelligentdabidjan.info\/news\/wp-json\/wp\/v2\/comments?post=36039"}],"version-history":[{"count":1,"href":"https:\/\/www.lintelligentdabidjan.info\/news\/wp-json\/wp\/v2\/posts\/36039\/revisions"}],"predecessor-version":[{"id":36041,"href":"https:\/\/www.lintelligentdabidjan.info\/news\/wp-json\/wp\/v2\/posts\/36039\/revisions\/36041"}],"wp:featuredmedia":[{"embeddable":true,"href":"https:\/\/www.lintelligentdabidjan.info\/news\/wp-json\/wp\/v2\/media\/36040"}],"wp:attachment":[{"href":"https:\/\/www.lintelligentdabidjan.info\/news\/wp-json\/wp\/v2\/media?parent=36039"}],"wp:term":[{"taxonomy":"category","embeddable":true,"href":"https:\/\/www.lintelligentdabidjan.info\/news\/wp-json\/wp\/v2\/categories?post=36039"},{"taxonomy":"post_tag","embeddable":true,"href":"https:\/\/www.lintelligentdabidjan.info\/news\/wp-json\/wp\/v2\/tags?post=36039"}],"curies":[{"name":"wp","href":"https:\/\/api.w.org\/{rel}","templated":true}]}}