{"id":36045,"date":"2024-11-30T00:53:46","date_gmt":"2024-11-29T23:53:46","guid":{"rendered":"https:\/\/www.lintelligentdabidjan.info\/news\/?p=36045"},"modified":"2024-11-30T00:53:49","modified_gmt":"2024-11-29T23:53:49","slug":"tchad-france-une-cooperation-gagnant-gagnant","status":"publish","type":"post","link":"https:\/\/www.lintelligentdabidjan.info\/news\/tchad-france-une-cooperation-gagnant-gagnant\/","title":{"rendered":"Tchad-France : une coop\u00e9ration gagnant-gagnant ?"},"content":{"rendered":"<p><em><strong>Dans un communiqu\u00e9 rendu public ce jeudi 28 novembre, le Tchad annonce rompre ses accords de coop\u00e9ration de d\u00e9fense avec la France. Contrairement \u00e0 ses voisins de l\u2019AES, cette d\u00e9cision ne r\u00e9sulte pas d\u2019une tension ou d\u2019un isolationnisme d\u00e9cid\u00e9 par les autorit\u00e9s.<\/strong><\/em><\/p>\n<p>Comme l\u2019\u00e9voque Abderaman Koulamallah, ministre des Affaires \u00e9trang\u00e8res tchadien et porte-parole du gouvernement, cette rupture a \u00e9t\u00e9 d\u00e9clar\u00e9e en raison d&#8217;une volont\u00e9 du Tchad \u00ab d\u2019affirmer sa souverainet\u00e9 et de red\u00e9finir ses partenariats strat\u00e9giques \u00bb. Ainsi, cette d\u00e9cision peut \u00eatre interpr\u00e9t\u00e9e comme une \u00e9tape vers une autonomie renforc\u00e9e mais aussi comme un nouveau d\u00e9part dans les relations entre les deux pays.<\/p>\n<p><strong>Le Tchad ne suit pas les pas de l\u2019AES<\/strong><\/p>\n<p>Si de nombreuses personnes sont tent\u00e9es de comparer cette d\u00e9cision \u00e0 celles prises pr\u00e9c\u00e9demment par les pays de l\u2019Alliance des \u00c9tats du Sahel (AES), la r\u00e9alit\u00e9 est diff\u00e9rente. Contrairement au Mali, au Burkina-Faso et au Niger, cette d\u00e9nonciation n\u2019intervient pas dans un contexte de tensions entre le Tchad et la France. Aussi, ces r\u00e9gimes, issus de coups d\u2019\u00c9tats, ont rompu les accords de d\u00e9fense les liant \u00e0 la France afin de cr\u00e9dibiliser leur accession au pouvoir. Or, le Tchad sort d\u2019une \u00e9lection pr\u00e9sidentielle avec un pr\u00e9sident \u00e9lu au suffrage universel et se dirige vers des \u00e9lections l\u00e9gislatives, provinciales et municipales qui auront lieu le 29 d\u00e9cembre prochain. En outre, contrairement \u00e0 ses voisins de l\u2019AES, grandement touch\u00e9s par la recrudescence des attaques terroristes malgr\u00e9 la pr\u00e9sence russe, le Tchad reste un exemple r\u00e9gional dans la lutte contre l\u2019ins\u00e9curit\u00e9. Cette r\u00e9ussite est due \u00e0 une strat\u00e9gie s\u00e9curitaire payante, comprenant entre autres, des partenariats solides gagnant-gagnant avec des pays comme les \u00c9tats-Unis, l\u2019Allemagne ou encore la France.<\/p>\n<p><strong>Vers de nouvelles relations entre le Tchad et la France<\/strong><\/p>\n<p>Historiquement, les relations entre le Tchad et la France se sont caract\u00e9ris\u00e9es par une \u00e9troite collaboration en r\u00e9ponse \u00e0 des d\u00e9fis s\u00e9curitaires et g\u00e9opolitiques dans la r\u00e9gion. Toutefois, cette dynamique a connu des changements au fil du temps, en particulier en raison des \u00e9volutions politiques internes au Tchad. Mais, le ministre insiste sur l\u2019interpr\u00e9tation qu\u2019il faudra avoir sur cette d\u00e9nonciation. \u00ab Cette d\u00e9cision ne remet en aucun cas en question les relations historiques et les liens d\u2019amiti\u00e9 entre les deux nations. Le Tchad reste d\u00e9termin\u00e9 \u00e0 entretenir des relations constructives avec la France dans d\u2019autres domaines d\u2019int\u00e9r\u00eat commun \u00bb.<\/p>\n<p>En conclusion, le Tchad met en \u00e9vidence une volont\u00e9 croissante de reprendre enti\u00e8rement le contr\u00f4le de ses politiques s\u00e9curitaires tout en maintenant des relations bilat\u00e9rales avec ses partenaires historiques.<\/p>\n<p><strong>Constantine<\/strong><\/p>\n","protected":false},"excerpt":{"rendered":"<p>Dans un communiqu\u00e9 rendu public ce jeudi 28 novembre, le Tchad annonce rompre ses accords de coop\u00e9ration de d\u00e9fense avec la France. Contrairement \u00e0 ses voisins de l\u2019AES, cette d\u00e9cision ne r\u00e9sulte pas d\u2019une tension ou d\u2019un isolationnisme d\u00e9cid\u00e9 par les autorit\u00e9s. Comme l\u2019\u00e9voque Abderaman Koulamallah, ministre des Affaires \u00e9trang\u00e8res tchadien et porte-parole du gouvernement, [&hellip;]<\/p>\n","protected":false},"author":4,"featured_media":36046,"comment_status":"closed","ping_status":"closed","sticky":false,"template":"","format":"standard","meta":{"footnotes":""},"categories":[2,21,17],"tags":[],"class_list":["post-36045","post","type-post","status-publish","format-standard","has-post-thumbnail","hentry","category-featured","category-international","category-politique"],"_links":{"self":[{"href":"https:\/\/www.lintelligentdabidjan.info\/news\/wp-json\/wp\/v2\/posts\/36045","targetHints":{"allow":["GET"]}}],"collection":[{"href":"https:\/\/www.lintelligentdabidjan.info\/news\/wp-json\/wp\/v2\/posts"}],"about":[{"href":"https:\/\/www.lintelligentdabidjan.info\/news\/wp-json\/wp\/v2\/types\/post"}],"author":[{"embeddable":true,"href":"https:\/\/www.lintelligentdabidjan.info\/news\/wp-json\/wp\/v2\/users\/4"}],"replies":[{"embeddable":true,"href":"https:\/\/www.lintelligentdabidjan.info\/news\/wp-json\/wp\/v2\/comments?post=36045"}],"version-history":[{"count":1,"href":"https:\/\/www.lintelligentdabidjan.info\/news\/wp-json\/wp\/v2\/posts\/36045\/revisions"}],"predecessor-version":[{"id":36047,"href":"https:\/\/www.lintelligentdabidjan.info\/news\/wp-json\/wp\/v2\/posts\/36045\/revisions\/36047"}],"wp:featuredmedia":[{"embeddable":true,"href":"https:\/\/www.lintelligentdabidjan.info\/news\/wp-json\/wp\/v2\/media\/36046"}],"wp:attachment":[{"href":"https:\/\/www.lintelligentdabidjan.info\/news\/wp-json\/wp\/v2\/media?parent=36045"}],"wp:term":[{"taxonomy":"category","embeddable":true,"href":"https:\/\/www.lintelligentdabidjan.info\/news\/wp-json\/wp\/v2\/categories?post=36045"},{"taxonomy":"post_tag","embeddable":true,"href":"https:\/\/www.lintelligentdabidjan.info\/news\/wp-json\/wp\/v2\/tags?post=36045"}],"curies":[{"name":"wp","href":"https:\/\/api.w.org\/{rel}","templated":true}]}}