{"id":36071,"date":"2024-12-02T06:04:15","date_gmt":"2024-12-02T05:04:15","guid":{"rendered":"https:\/\/www.lintelligentdabidjan.info\/news\/?p=36071"},"modified":"2024-12-02T06:04:23","modified_gmt":"2024-12-02T05:04:23","slug":"journee-de-la-mobilite-professionnelle-une-nouvelle-chance-pour-les-anciens-militaires","status":"publish","type":"post","link":"https:\/\/www.lintelligentdabidjan.info\/news\/journee-de-la-mobilite-professionnelle-une-nouvelle-chance-pour-les-anciens-militaires\/","title":{"rendered":"Journ\u00e9e de la Mobilit\u00e9 Professionnelle -Une Nouvelle Chance pour les Anciens Militaires"},"content":{"rendered":"<p><em><strong>Dans le cadre de la mise en \u0153uvre de la strat\u00e9gie visant \u00e0 int\u00e9grer les anciens militaires dans les emplois salari\u00e9s du secteur priv\u00e9, le Bureau d&#8217;accompagnement \u00e0 la reconversion des militaires (Barm) a organis\u00e9, avec l&#8217;appui technique de l&#8217;Agence Emploi Jeunes (Aej), la premi\u00e8re \u00e9dition de la Journ\u00e9e de la mobilit\u00e9 professionnelle des anciens militaires en situation de transition professionnelle, le jeudi 28 novembre 2024, \u00e0 l&#8217;h\u00f4tel du District d&#8217;Abidjan-Plateau. L&#8217;objectif de cette journ\u00e9e est de faciliter la reconversion professionnelle des anciens militaires en situation de retraite anticip\u00e9e ou normale. <\/strong><\/em><\/p>\n<p>Il s&#8217;agira, entre autres, de cr\u00e9er un cadre d&#8217;\u00e9changes entre anciens militaires et entreprises du secteur priv\u00e9, ainsi que de proc\u00e9der \u00e0 la signature d&#8217;un partenariat entre l&#8217;Aej et l&#8217;\u00c9tat. De ce fait, Anliou Soumahoro, Directeur de Cabinet Adjoint et repr\u00e9sentant du Ministre d&#8217;\u00c9tat, Ministre de la D\u00e9fense, T\u00e9n\u00e9 Birahima, a soulign\u00e9 l&#8217;importance de cette c\u00e9r\u00e9monie, qui offre aux anciens militaires l&#8217;opportunit\u00e9 de mettre \u00e0 la disposition des entreprises priv\u00e9es leur savoir-faire fi\u00e8rement acquis dans l&#8217;arm\u00e9e. \u00ab Le programme d&#8217;accompagnement \u00e0 la reconversion des militaires, voulu par son Excellence le Pr\u00e9sident de la R\u00e9publique, Chef Supr\u00eame des Arm\u00e9es, et mis en \u0153uvre par le minist\u00e8re de la D\u00e9fense \u00e0 travers le Barm, s&#8217;inscrit dans le cadre de la r\u00e9forme du secteur de la s\u00e9curit\u00e9. <\/p>\n<p> (&#8230;) Son engagement  \u00e0 la t\u00eate de notre pays est d&#8217;assurer le bien-\u00eatre de nos forces de d\u00e9fense m\u00eame apr\u00e8s leur service militaire. C&#8217;est pourquoi, depuis sa prise de fonction \u00e0 la t\u00eate de ce d\u00e9partement, Monsieur le Ministre d&#8217;\u00c9tat a toujours accord\u00e9 une attention particuli\u00e8re au suivi des activit\u00e9s du Barm \u00e0 travers des appuis multiformes.La Journ\u00e9e de la mobilit\u00e9 professionnelle des anciens militaires en situation de transition professionnelle s&#8217;inscrit dans ce sens. Elle vise d&#8217;une part \u00e0 ouvrir davantage l&#8217;horizon des militaires concern\u00e9s sur le secteur et d&#8217;autre part \u00e0 permettre aux secteurs priv\u00e9s de mieux d\u00e9couvrir les profils des militaires int\u00e9ress\u00e9s \u00e0 la reconversion \u00bb, a-t-il dit.<\/p>\n<p>Cette journ\u00e9e selon le Directeur de Cabinet sera suivie de la signature de la convention-cadre qui permettra aux deux structures ,le Barm et l\u2019Agence Emploi Jeunes, de d\u00e9velopper leur collaboration autour de plusieurs axes \u00e0 savoir l&#8217;organisation annuelle de la Journ\u00e9e de la Mobilit\u00e9 professionnelle pour les anciens militaires en situation de transition professionnelle. <\/p>\n<p><strong>| Du talent \u00e0 revendre&#8230; |<\/strong><\/p>\n<p>Le Colonel Ake Danho, premier responsable du Bureau d&#8217;accompagnement \u00e0 la reconversion des militaires (Barm), a traduit sa reconnaissance au Minist\u00e8re de tutelle, Minist\u00e8re d&#8217;\u00c9tat, Minist\u00e8re de la D\u00e9fense, pour la confiance plac\u00e9e en eux dans la gestion de l&#8217;accompagnement \u00e0 la reconversion des militaires, ainsi qu&#8217;au Minist\u00e8re de la Promotion de la Jeunesse, de l\u2019Insertion Professionnelle et du Service Civique pour avoir accept\u00e9 ce partenariat avec l&#8217;Agence emploi jeune ( Aej). Il a relev\u00e9 que cette journ\u00e9e sera l\u2019occasion pour les entreprises du secteur priv\u00e9 et les organisations fa\u00eeti\u00e8res d\u2019appr\u00e9cier les profils qui ont \u00ab du talent \u00e0 revendre \u00bb dans les secteurs de la s\u00e9curit\u00e9, de la sant\u00e9, du Btp, de la m\u00e9canique, des Tic, de l\u2019h\u00f4tellerie, de la restauration, de la logistique et de la finance, caract\u00e9ris\u00e9s par le savoir-faire et le savoir-\u00eatre, notamment la rigueur qui les d\u00e9finit. \u00ab Vous aurez l\u2019opportunit\u00e9 de les d\u00e9couvrir et de les \u00e9couter \u00e0 travers des captations vid\u00e9o dans nos stands (une cinquantaine) et m\u00eame d\u2019\u00e9changer avec certains d\u2019entre eux en pr\u00e9sentiel, afin de d\u00e9nicher les profils qui vous conviennent. Mesdames et Messieurs, il est n\u00e9cessaire de signifier que cette d\u00e9marche a \u00e9t\u00e9 initi\u00e9e avec l\u2019appui de l\u2019Aej, que je remercie \u00e0 travers son administrateur. Ils ont accept\u00e9, d\u00e8s les premiers contacts, de mettre \u00e0 notre disposition leur exp\u00e9rience et leur savoir-faire pour nous accompagner dans cette mission. Cette collaboration devrait se solder dans les prochains jours par la signature officielle d\u2019une convention qui liera d\u00e9sormais le Barm et l&#8217;Aej pour d\u00e9finir le partenariat en faveur de l\u2019insertion professionnelle des anciens militaires \u00bb, a-t-il soulign\u00e9<\/p>\n<p>La Responsable du P\u00f4le \u00c9ducation, Formation, Emploi \u00e0 l&#8217;Agence Fran\u00e7aise de D\u00e9veloppement (Afd), a Virgini Luca a indiqu\u00e9 que la r\u00e9alisation professionnelle durable des militaires candidats \u00e0 la reconversion est un avantage majeur pour la paix durable en C\u00f4te d&#8217;Ivoire.<\/p>\n<p>\u00c0 ce jour, ce sont 2 825 anciens militaires qui sont inscrits au Barm. Parmi eux, 306 ont choisi les m\u00e9tiers de la Fonction publique, ce qui repr\u00e9sente 11 % de l&#8217;effectif. On d\u00e9nombre 2 370 ayant opt\u00e9 pour l&#8217;auto-emploi, soit 84 %. Enfin, 149 anciens militaires, soit 5,31 %, ont pr\u00e9f\u00e9r\u00e9 choisir les emplois salari\u00e9s du secteur priv\u00e9 comme axe de reconversion.<\/p>\n<p><strong>Mamadou Ouattara avec C\u00e9cile Mobio<\/strong><\/p>\n","protected":false},"excerpt":{"rendered":"<p>Dans le cadre de la mise en \u0153uvre de la strat\u00e9gie visant \u00e0 int\u00e9grer les anciens militaires dans les emplois salari\u00e9s du secteur priv\u00e9, le Bureau d&#8217;accompagnement \u00e0 la reconversion des militaires (Barm) a organis\u00e9, avec l&#8217;appui technique de l&#8217;Agence Emploi Jeunes (Aej), la premi\u00e8re \u00e9dition de la Journ\u00e9e de la mobilit\u00e9 professionnelle des anciens [&hellip;]<\/p>\n","protected":false},"author":4,"featured_media":36072,"comment_status":"closed","ping_status":"closed","sticky":false,"template":"","format":"standard","meta":{"_monsterinsights_skip_tracking":false,"_monsterinsights_sitenote_active":false,"_monsterinsights_sitenote_note":"","_monsterinsights_sitenote_category":0,"footnotes":""},"categories":[2,3],"tags":[4374,4373],"class_list":["post-36071","post","type-post","status-publish","format-standard","has-post-thumbnail","hentry","category-featured","category-societe","tag-anciens-militaires","tag-journee-de-la-mobilite-professionnelle"],"_links":{"self":[{"href":"https:\/\/www.lintelligentdabidjan.info\/news\/wp-json\/wp\/v2\/posts\/36071","targetHints":{"allow":["GET"]}}],"collection":[{"href":"https:\/\/www.lintelligentdabidjan.info\/news\/wp-json\/wp\/v2\/posts"}],"about":[{"href":"https:\/\/www.lintelligentdabidjan.info\/news\/wp-json\/wp\/v2\/types\/post"}],"author":[{"embeddable":true,"href":"https:\/\/www.lintelligentdabidjan.info\/news\/wp-json\/wp\/v2\/users\/4"}],"replies":[{"embeddable":true,"href":"https:\/\/www.lintelligentdabidjan.info\/news\/wp-json\/wp\/v2\/comments?post=36071"}],"version-history":[{"count":1,"href":"https:\/\/www.lintelligentdabidjan.info\/news\/wp-json\/wp\/v2\/posts\/36071\/revisions"}],"predecessor-version":[{"id":36073,"href":"https:\/\/www.lintelligentdabidjan.info\/news\/wp-json\/wp\/v2\/posts\/36071\/revisions\/36073"}],"wp:featuredmedia":[{"embeddable":true,"href":"https:\/\/www.lintelligentdabidjan.info\/news\/wp-json\/wp\/v2\/media\/36072"}],"wp:attachment":[{"href":"https:\/\/www.lintelligentdabidjan.info\/news\/wp-json\/wp\/v2\/media?parent=36071"}],"wp:term":[{"taxonomy":"category","embeddable":true,"href":"https:\/\/www.lintelligentdabidjan.info\/news\/wp-json\/wp\/v2\/categories?post=36071"},{"taxonomy":"post_tag","embeddable":true,"href":"https:\/\/www.lintelligentdabidjan.info\/news\/wp-json\/wp\/v2\/tags?post=36071"}],"curies":[{"name":"wp","href":"https:\/\/api.w.org\/{rel}","templated":true}]}}