{"id":36074,"date":"2024-12-02T06:10:59","date_gmt":"2024-12-02T05:10:59","guid":{"rendered":"https:\/\/www.lintelligentdabidjan.info\/news\/?p=36074"},"modified":"2024-12-02T06:11:05","modified_gmt":"2024-12-02T05:11:05","slug":"lintelligent-en-pdf-indice-de-developpement-humain-amede-kouakou-denonce-des-critiques-infondees-sur-ouattara-et-evoque-les-impots","status":"publish","type":"post","link":"https:\/\/www.lintelligentdabidjan.info\/news\/lintelligent-en-pdf-indice-de-developpement-humain-amede-kouakou-denonce-des-critiques-infondees-sur-ouattara-et-evoque-les-impots\/","title":{"rendered":"L&#8217;Intelligent en PDF:          Indice de D\u00e9veloppement Humain   Amed\u00e9 Kouakou d\u00e9nonce des critiques infond\u00e9es sur Ouattara et \u00e9voque les imp\u00f4ts"},"content":{"rendered":"<p><strong>Lors de l\u2019intronisation de Sa Majest\u00e9 Goin Emmanuel \u00e0 Santa, dans la r\u00e9gion des Dix-Huit Montagnes, le samedi 30 novembre 2024, le ministre de l\u2019\u00c9quipement et de l\u2019Entretien routier, Amed\u00e9 Koffi Kouakou, a d\u00e9nonc\u00e9 des critiques infond\u00e9es sur Ouattara et \u00e9voqu\u00e9 les imp\u00f4ts.<\/strong><\/p>\n<p>Qu&#8217;est ce que Amed\u00e9 Kouakou a dit \u00e0 cette occasion?<\/p>\n<p>Article \u00e0 d\u00e9couvrir dans vos kiosques et en ligne sur&#8230;<\/p>\n<p><a href=\"https:\/\/news.abidjan.net\/titrologie\/39-lintelligent-dabidjan\/articles\" target=\"_blank\">https:\/\/news.abidjan.net\/titrologie\/39-lintelligent-dabidjan\/articles<\/a><\/p>\n<p>\u00c0 lire aussi la r\u00e9action de Bacongo, Kouyat\u00e9 et \u00c9lys\u00e9e Gbadi\u00e9r\u00e9 sur les adh\u00e9sions au RHDP, la satisfaction de Beugr\u00e9 Mamb\u00e9 et Sangafowa Coulibaly \u00e0 la cl\u00f4ture du SIREXE, Sidi Tour\u00e9 d\u00e9die sa victoire au Pr\u00e9sident Ouattara apr\u00e8s son \u00e9lection au poste de vice-pr\u00e9sident de l\u2019International Lib\u00e9ral, l&#8217;appel d&#8217;Adama Coulibaly aux jeunes du N&#8217;Zi sur les projets jeunes, l&#8217;annonce par Oumar Sacko de Tol\u00e9rance z\u00e9ro pour les motos sans casque.<\/p>\n<p>Cliquez pour les d\u00e9tails<\/p>\n<p><a href=\"https:\/\/www.afrikipresse.fr\/abonnement\" target=\"_blank\">https:\/\/www.afrikipresse.fr\/abonnement<\/a><\/p>\n<p>\u00c0 voir \u00e9galement Jean-Marc Yac\u00e9 confirm\u00e9 dans ses fonctions par World Taekwondo et l&#8217;excellence pr\u00f4n\u00e9e par Siandou Fofana lors de l&#8217;ouverture d&#8217;une nouvelle \u00e9cole d\u2019h\u00f4tellerie \u00e0 Abidjan.<\/p>\n<p><a href=\"https:\/\/www.pressecotedivoire.ci\/titrologie\" target=\"_blank\">https:\/\/www.pressecotedivoire.ci\/titrologie<\/a><\/p>\n","protected":false},"excerpt":{"rendered":"<p>Lors de l\u2019intronisation de Sa Majest\u00e9 Goin Emmanuel \u00e0 Santa, dans la r\u00e9gion des Dix-Huit Montagnes, le samedi 30 novembre 2024, le ministre de l\u2019\u00c9quipement et de l\u2019Entretien routier, Amed\u00e9 Koffi Kouakou, a d\u00e9nonc\u00e9 des critiques infond\u00e9es sur Ouattara et \u00e9voqu\u00e9 les imp\u00f4ts. Qu&#8217;est ce que Amed\u00e9 Kouakou a dit \u00e0 cette occasion? Article \u00e0 [&hellip;]<\/p>\n","protected":false},"author":4,"featured_media":36075,"comment_status":"closed","ping_status":"closed","sticky":false,"template":"","format":"standard","meta":{"_monsterinsights_skip_tracking":false,"_monsterinsights_sitenote_active":false,"_monsterinsights_sitenote_note":"","_monsterinsights_sitenote_category":0,"footnotes":""},"categories":[2,3],"tags":[],"class_list":["post-36074","post","type-post","status-publish","format-standard","has-post-thumbnail","hentry","category-featured","category-societe"],"_links":{"self":[{"href":"https:\/\/www.lintelligentdabidjan.info\/news\/wp-json\/wp\/v2\/posts\/36074","targetHints":{"allow":["GET"]}}],"collection":[{"href":"https:\/\/www.lintelligentdabidjan.info\/news\/wp-json\/wp\/v2\/posts"}],"about":[{"href":"https:\/\/www.lintelligentdabidjan.info\/news\/wp-json\/wp\/v2\/types\/post"}],"author":[{"embeddable":true,"href":"https:\/\/www.lintelligentdabidjan.info\/news\/wp-json\/wp\/v2\/users\/4"}],"replies":[{"embeddable":true,"href":"https:\/\/www.lintelligentdabidjan.info\/news\/wp-json\/wp\/v2\/comments?post=36074"}],"version-history":[{"count":1,"href":"https:\/\/www.lintelligentdabidjan.info\/news\/wp-json\/wp\/v2\/posts\/36074\/revisions"}],"predecessor-version":[{"id":36076,"href":"https:\/\/www.lintelligentdabidjan.info\/news\/wp-json\/wp\/v2\/posts\/36074\/revisions\/36076"}],"wp:featuredmedia":[{"embeddable":true,"href":"https:\/\/www.lintelligentdabidjan.info\/news\/wp-json\/wp\/v2\/media\/36075"}],"wp:attachment":[{"href":"https:\/\/www.lintelligentdabidjan.info\/news\/wp-json\/wp\/v2\/media?parent=36074"}],"wp:term":[{"taxonomy":"category","embeddable":true,"href":"https:\/\/www.lintelligentdabidjan.info\/news\/wp-json\/wp\/v2\/categories?post=36074"},{"taxonomy":"post_tag","embeddable":true,"href":"https:\/\/www.lintelligentdabidjan.info\/news\/wp-json\/wp\/v2\/tags?post=36074"}],"curies":[{"name":"wp","href":"https:\/\/api.w.org\/{rel}","templated":true}]}}