{"id":36080,"date":"2024-12-03T05:43:40","date_gmt":"2024-12-03T04:43:40","guid":{"rendered":"https:\/\/www.lintelligentdabidjan.info\/news\/?p=36080"},"modified":"2024-12-03T05:43:40","modified_gmt":"2024-12-03T04:43:40","slug":"institut-de-formation-politique-amadou-gon-coulibaly-la-4e-promotion-a-lecole-de-la-securite-defense-et-diplomatie","status":"publish","type":"post","link":"https:\/\/www.lintelligentdabidjan.info\/news\/institut-de-formation-politique-amadou-gon-coulibaly-la-4e-promotion-a-lecole-de-la-securite-defense-et-diplomatie\/","title":{"rendered":"Institut de Formation Politique Amadou Gon Coulibaly-  La 4e promotion \u00e0 l\u2019\u00e9cole de la S\u00e9curit\u00e9, d\u00e9fense et diplomatie"},"content":{"rendered":"<p><em><strong>La 4e promotion de l\u2019 Institut de Formation Politique Amadou Gon Coulibaly \u00e0 l\u2019\u00e9cole de la S\u00e9curit\u00e9, d\u00e9fense et diplomatie.<\/strong><\/em><\/p>\n<p>Le samedi 23 novembre 2024, les auditeurs de la 4\u1d49 promotion de l\u2019Institut de Formation Politique Amadou Gon Coulibaly (IFP-AGC) ont v\u00e9cu une journ\u00e9e riche en apprentissages et en d\u00e9couvertes lors de leur 11\u1d49 s\u00e9ance de cours. Cette session, m\u00ealant th\u00e9orie et pratique, a \u00e9t\u00e9 consacr\u00e9e, selon une note d\u2019information,  \u00e0 l\u2019exploration approfondie des enjeux strat\u00e9giques en mati\u00e8re de d\u00e9fense et de s\u00e9curit\u00e9, dans un contexte marqu\u00e9 par des dynamiques diplomatiques majeures.<\/p>\n<p><strong>Des \u00e9changes de haut niveau au camp militaire<\/strong><\/p>\n<p> La journ\u00e9e a d\u00e9but\u00e9 par une visite  au 43e Bima , o\u00f9 les auditeurs ont \u00e9t\u00e9 re\u00e7us par le Colonel Bruno Yver et le Lieutenant-colonel Mathieu Norlain. Le Colonel Yver a pr\u00e9sent\u00e9 un expos\u00e9 d\u00e9taill\u00e9 sur les relations contractuelles et les accords bilat\u00e9raux entre la C\u00f4te d\u2019Ivoire et la France, tout en annon\u00e7ant le futur changement de nom du 43\u1d49 BIMA, refl\u00e9tant une r\u00e9organisation strat\u00e9gique en cours.<\/p>\n<p>De son c\u00f4t\u00e9, le Lieutenant-colonel Norlain a anim\u00e9 une session interactive, permettant aux participants de poser des questions et d\u2019obtenir des \u00e9clairages pr\u00e9cis sur les enjeux des relations bilat\u00e9rales et les missions strat\u00e9giques conjointes des forces arm\u00e9es fran\u00e7aises et ivoiriennes. Cette interaction a offert aux auditeurs une compr\u00e9hension concr\u00e8te des dynamiques de coop\u00e9ration en mati\u00e8re de d\u00e9fense et de s\u00e9curit\u00e9.<\/p>\n<p><strong>Un cours magistral pour approfondir les enjeux de d\u00e9fense et s\u00e9curit\u00e9<\/strong><\/p>\n<p> La seconde partie de la journ\u00e9e a \u00e9t\u00e9 marqu\u00e9e par un cours magistral anim\u00e9 par le Professeur Arthur Banga, expert renomm\u00e9 en d\u00e9fense et relations internationales. Introduisant son intervention par une note personnelle sur ses liens privil\u00e9gi\u00e9s avec les entit\u00e9s militaires pr\u00e9sentes, notamment avec le Lieutenant-colonel Norlain, il a su captiver l\u2019attention de son auditoire en abordant les th\u00e9matiques suivantes :<\/p>\n<p> Politique de d\u00e9fense et de s\u00e9curit\u00e9 en C\u00f4te d\u2019Ivoire et les r\u00e9formes du syst\u00e8me de s\u00e9curit\u00e9 (RSS).<\/p>\n<p>Forces et faiblesses des arm\u00e9es africaines, en proposant une analyse critique des d\u00e9fis structurels et op\u00e9rationnels.<\/p>\n<p>Terrorisme et extr\u00e9misme violent, un sujet incontournable dans le contexte s\u00e9curitaire actuel.<\/p>\n<p>Avec p\u00e9dagogie et pragmatisme, le Professeur Banga a su faire le lien entre th\u00e9orie et r\u00e9alit\u00e9 du terrain, tout en engageant les participants dans une r\u00e9flexion collective sur les d\u00e9fis \u00e0 venir.<\/p>\n<p><strong>Une exp\u00e9rience marquante pour les auditeurs<\/strong><\/p>\n<p>Cette 11e s\u00e9ance a non seulement permis aux auditeurs d\u2019enrichir leur connaissance des enjeux militaires et diplomatiques, mais aussi de mieux appr\u00e9hender le r\u00f4le cl\u00e9 des forces arm\u00e9es dans la protection des populations et le d\u00e9veloppement national.<\/p>\n<p>\u00ab Ces \u00e9changes et apprentissages sont essentiels pour comprendre les dynamiques de d\u00e9fense et de s\u00e9curit\u00e9 dans un monde en constante \u00e9volution \u00bb, a d\u00e9clar\u00e9 l\u2019un des participants \u00e0 l\u2019issue de la journ\u00e9e.<\/p>\n<p> <strong>L\u2019IFP-AGC : se former pour servir ses convictions <\/strong><\/p>\n<p>\u00c0 travers ces sessions vari\u00e9es et immersives, l\u2019IFP-AGC confirme sa mission de former une nouvelle g\u00e9n\u00e9ration de leaders, pr\u00eats \u00e0 relever les d\u00e9fis politiques, \u00e9conomiques et sociaux de demain.<\/p>\n<p><strong>Mamadou Ouattara avec L. Abdul<\/strong><\/p>\n","protected":false},"excerpt":{"rendered":"<p>La 4e promotion de l\u2019 Institut de Formation Politique Amadou Gon Coulibaly \u00e0 l\u2019\u00e9cole de la S\u00e9curit\u00e9, d\u00e9fense et diplomatie. Le samedi 23 novembre 2024, les auditeurs de la 4\u1d49 promotion de l\u2019Institut de Formation Politique Amadou Gon Coulibaly (IFP-AGC) ont v\u00e9cu une journ\u00e9e riche en apprentissages et en d\u00e9couvertes lors de leur 11\u1d49 s\u00e9ance [&hellip;]<\/p>\n","protected":false},"author":4,"featured_media":36081,"comment_status":"closed","ping_status":"closed","sticky":false,"template":"","format":"standard","meta":{"_monsterinsights_skip_tracking":false,"_monsterinsights_sitenote_active":false,"_monsterinsights_sitenote_note":"","_monsterinsights_sitenote_category":0,"footnotes":""},"categories":[2,3],"tags":[4378,238,4379,4380,1333,4377,599],"class_list":["post-36080","post","type-post","status-publish","format-standard","has-post-thumbnail","hentry","category-featured","category-societe","tag-4e-promotion","tag-amadou-gon-coulibaly","tag-defense","tag-diplomatie","tag-ecole","tag-institut-de-formation-politique","tag-securite"],"_links":{"self":[{"href":"https:\/\/www.lintelligentdabidjan.info\/news\/wp-json\/wp\/v2\/posts\/36080","targetHints":{"allow":["GET"]}}],"collection":[{"href":"https:\/\/www.lintelligentdabidjan.info\/news\/wp-json\/wp\/v2\/posts"}],"about":[{"href":"https:\/\/www.lintelligentdabidjan.info\/news\/wp-json\/wp\/v2\/types\/post"}],"author":[{"embeddable":true,"href":"https:\/\/www.lintelligentdabidjan.info\/news\/wp-json\/wp\/v2\/users\/4"}],"replies":[{"embeddable":true,"href":"https:\/\/www.lintelligentdabidjan.info\/news\/wp-json\/wp\/v2\/comments?post=36080"}],"version-history":[{"count":1,"href":"https:\/\/www.lintelligentdabidjan.info\/news\/wp-json\/wp\/v2\/posts\/36080\/revisions"}],"predecessor-version":[{"id":36082,"href":"https:\/\/www.lintelligentdabidjan.info\/news\/wp-json\/wp\/v2\/posts\/36080\/revisions\/36082"}],"wp:featuredmedia":[{"embeddable":true,"href":"https:\/\/www.lintelligentdabidjan.info\/news\/wp-json\/wp\/v2\/media\/36081"}],"wp:attachment":[{"href":"https:\/\/www.lintelligentdabidjan.info\/news\/wp-json\/wp\/v2\/media?parent=36080"}],"wp:term":[{"taxonomy":"category","embeddable":true,"href":"https:\/\/www.lintelligentdabidjan.info\/news\/wp-json\/wp\/v2\/categories?post=36080"},{"taxonomy":"post_tag","embeddable":true,"href":"https:\/\/www.lintelligentdabidjan.info\/news\/wp-json\/wp\/v2\/tags?post=36080"}],"curies":[{"name":"wp","href":"https:\/\/api.w.org\/{rel}","templated":true}]}}