{"id":36083,"date":"2024-12-03T05:46:27","date_gmt":"2024-12-03T04:46:27","guid":{"rendered":"https:\/\/www.lintelligentdabidjan.info\/news\/?p=36083"},"modified":"2024-12-03T05:46:32","modified_gmt":"2024-12-03T04:46:32","slug":"1er-congres-extraordinaire-du-syninfci-les-informaticiens-veulent-se-donner-un-nouveau-secretaire-general","status":"publish","type":"post","link":"https:\/\/www.lintelligentdabidjan.info\/news\/1er-congres-extraordinaire-du-syninfci-les-informaticiens-veulent-se-donner-un-nouveau-secretaire-general\/","title":{"rendered":"1er congr\u00e8s extraordinaire du Syninfci- Les informaticiens veulent se donner un nouveau  secr\u00e9taire g\u00e9n\u00e9ral"},"content":{"rendered":"<p><em><strong>Le Syndicat national des informaticiens du secteur public de C\u00f4te d&#8217;Ivoire (Syninfci) a tenu, le lundi 2 d\u00e9cembre 2024, une conf\u00e9rence de presse pour annoncer la tenue de son premier congr\u00e8s extraordinaire qui se d\u00e9roulera le samedi 7 d\u00e9cembre 2024 \u00e0 l\u2019auditorium de la Rotonde de la cit\u00e9 financi\u00e8re \u00e0 Abidjan- Plateau.<\/strong><\/em><\/p>\n<p>\u00c0 en croire Monin Monin Marc, lors du 4e congr\u00e8s ordinaire, qui s\u2019est tenu les 23 et 24 ao\u00fbt 2024, le Syninfci a \u00e9t\u00e9 confront\u00e9 \u00e0 des d\u00e9fis significatifs concernant la succession au poste de secr\u00e9taire g\u00e9n\u00e9ral. En effet, ce poste demeure vacant en raison de la non-obtention du quitus par le bureau sortant. De plus, les candidats pr\u00e9sent\u00e9s aux divers postes n\u2019ont pas satisfait aux crit\u00e8res d\u2019\u00e9ligibilit\u00e9 requis. Face \u00e0 cette impasse, le congr\u00e8s a d\u00e9cid\u00e9 de constituer un comit\u00e9 ad hoc, dont Monin Monin Marc a \u00e9t\u00e9 nomm\u00e9 pr\u00e9sident. Le comit\u00e9 ad hoc a \u00e9t\u00e9 form\u00e9 pour pallier les difficult\u00e9s rencontr\u00e9es et assurer la continuit\u00e9 des activit\u00e9s syndicales. Sa mission principale est de pr\u00e9parer et d\u2019organiser le congr\u00e8s extraordinaire, dans le but d\u2019adopter de nouveaux statuts et de pr\u00e9parer les \u00e9lections n\u00e9cessaires au renouvellement des organes dirigeants. Le comit\u00e9 s\u2019est fix\u00e9 comme objectif de garantir une organisation transparente et inclusive, tout en renfor\u00e7ant la cr\u00e9dibilit\u00e9 et l\u2019efficacit\u00e9 du Syninfci. Dans cette optique, le congr\u00e8s extraordinaire du Syninfci vise plusieurs objectifs cl\u00e9s \u00e0 savoir l&#8217;adoption de nouveaux statuts et r\u00e8glements (&#8230;) l&#8217;\u00e9lection des nouveaux responsables notamment le choix du nouveau secr\u00e9taire g\u00e9n\u00e9ral, du pr\u00e9sident du Conseil syndical, et des membres de la cellule de contr\u00f4le financier. Il vise \u00e9galement le renforcement de l\u2019unit\u00e9 syndicale et la promotion de  la coh\u00e9sion et l\u2019unit\u00e9 au sein des membres du Syninfci.<\/p>\n<p><strong>Les revendications actuelles du Syninfci<\/strong><\/p>\n<p>Parall\u00e8lement \u00e0 l\u2019organisation du congr\u00e8s, le Syninfci poursuit activement plusieurs revendications visant \u00e0 am\u00e9liorer les conditions de travail des informaticiens du secteur public. Lors de la derni\u00e8re r\u00e9union du comit\u00e9 consultatif de la fonction publique, pr\u00e9sid\u00e9e par Anne D\u00e9sir\u00e9e Ouloto, ministre d&#8217;\u00c9tat, plusieurs demandes ont \u00e9t\u00e9 soumises pour examen dont les primes de suj\u00e9tion et de risque, l&#8217;allocation de primes sp\u00e9cifiques pour les informaticiens, l&#8217;extension des primes d\u2019incitation, l&#8217;application des primes r\u00e9f\u00e9renc\u00e9es par le d\u00e9cret n\u00b0 91-1002 du 31 d\u00e9cembre 1991 \u00e0 l\u2019ensemble du personnel informatique, l&#8217;indemnit\u00e9 d\u2019\u00e9quipement Informatique , la mise en place d\u2019une indemnit\u00e9 pour l\u2019\u00e9quipement n\u00e9cessaire, la promotion des chefs de projets Informatiques , priorit\u00e9 aux ing\u00e9nieurs informaticiens pour la nomination des chefs de projets (&#8230;) Outre cela, le Syninfci salue l\u2019initiative du minist\u00e8re de favoriser le dialogue social et se r\u00e9jouit de la convocation d\u2019une r\u00e9union du Comit\u00e9 de dialogue social de la fonction publique pr\u00e9vue le 3 d\u00e9cembre 2024, \u00e0 laquelle il participe activement.<\/p>\n<p>Monin Monin Marc, pr\u00e9sident du comit\u00e9 ad hoc, a lanc\u00e9 un appel \u00e0 tous les membres du Syninfci pour qu\u2019ils participent activement au congr\u00e8s extraordinaire. \u00ab Nous devons nous unir pour renforcer notre syndicat et am\u00e9liorer nos conditions de travail. Votre pr\u00e9sence et votre engagement sont essentiels pour le succ\u00e8s de cet \u00e9v\u00e9nement \u00bb, a-t-il d\u00e9clar\u00e9. Le Syninfci invite ainsi tous les congressistes et membres \u00e0 se mobiliser pour cette rencontre, qui marquera une \u00e9tape importante dans le d\u00e9veloppement du secteur informatique public en C\u00f4te d\u2019Ivoire.<\/p>\n<p><strong>Mamadou Ouattara avec L.Abdul<\/strong><\/p>\n","protected":false},"excerpt":{"rendered":"<p>Le Syndicat national des informaticiens du secteur public de C\u00f4te d&#8217;Ivoire (Syninfci) a tenu, le lundi 2 d\u00e9cembre 2024, une conf\u00e9rence de presse pour annoncer la tenue de son premier congr\u00e8s extraordinaire qui se d\u00e9roulera le samedi 7 d\u00e9cembre 2024 \u00e0 l\u2019auditorium de la Rotonde de la cit\u00e9 financi\u00e8re \u00e0 Abidjan- Plateau. \u00c0 en croire [&hellip;]<\/p>\n","protected":false},"author":4,"featured_media":36084,"comment_status":"closed","ping_status":"closed","sticky":false,"template":"","format":"standard","meta":{"_monsterinsights_skip_tracking":false,"_monsterinsights_sitenote_active":false,"_monsterinsights_sitenote_note":"","_monsterinsights_sitenote_category":0,"footnotes":""},"categories":[2,3],"tags":[4381,4382,4383],"class_list":["post-36083","post","type-post","status-publish","format-standard","has-post-thumbnail","hentry","category-featured","category-societe","tag-1er-congres-extraordinaire-du-syninfci","tag-informaticiens","tag-secretaire-general"],"_links":{"self":[{"href":"https:\/\/www.lintelligentdabidjan.info\/news\/wp-json\/wp\/v2\/posts\/36083","targetHints":{"allow":["GET"]}}],"collection":[{"href":"https:\/\/www.lintelligentdabidjan.info\/news\/wp-json\/wp\/v2\/posts"}],"about":[{"href":"https:\/\/www.lintelligentdabidjan.info\/news\/wp-json\/wp\/v2\/types\/post"}],"author":[{"embeddable":true,"href":"https:\/\/www.lintelligentdabidjan.info\/news\/wp-json\/wp\/v2\/users\/4"}],"replies":[{"embeddable":true,"href":"https:\/\/www.lintelligentdabidjan.info\/news\/wp-json\/wp\/v2\/comments?post=36083"}],"version-history":[{"count":1,"href":"https:\/\/www.lintelligentdabidjan.info\/news\/wp-json\/wp\/v2\/posts\/36083\/revisions"}],"predecessor-version":[{"id":36085,"href":"https:\/\/www.lintelligentdabidjan.info\/news\/wp-json\/wp\/v2\/posts\/36083\/revisions\/36085"}],"wp:featuredmedia":[{"embeddable":true,"href":"https:\/\/www.lintelligentdabidjan.info\/news\/wp-json\/wp\/v2\/media\/36084"}],"wp:attachment":[{"href":"https:\/\/www.lintelligentdabidjan.info\/news\/wp-json\/wp\/v2\/media?parent=36083"}],"wp:term":[{"taxonomy":"category","embeddable":true,"href":"https:\/\/www.lintelligentdabidjan.info\/news\/wp-json\/wp\/v2\/categories?post=36083"},{"taxonomy":"post_tag","embeddable":true,"href":"https:\/\/www.lintelligentdabidjan.info\/news\/wp-json\/wp\/v2\/tags?post=36083"}],"curies":[{"name":"wp","href":"https:\/\/api.w.org\/{rel}","templated":true}]}}