{"id":36086,"date":"2024-12-03T05:48:54","date_gmt":"2024-12-03T04:48:54","guid":{"rendered":"https:\/\/www.lintelligentdabidjan.info\/news\/?p=36086"},"modified":"2024-12-03T05:48:59","modified_gmt":"2024-12-03T04:48:59","slug":"sutel-2024-ekissi-narcisse-evoque-les-defis","status":"publish","type":"post","link":"https:\/\/www.lintelligentdabidjan.info\/news\/sutel-2024-ekissi-narcisse-evoque-les-defis\/","title":{"rendered":"SUTEL  2024-Ekissi Narcisse \u00e9voque les d\u00e9fis"},"content":{"rendered":"<p><em><strong>Pr\u00e9vu pour les 28 et 29 novembre, l\u2019atelier du Service Universel des T\u00e9l\u00e9coms (SUTEL) a officiellement d\u00e9but\u00e9 le jeudi 28 novembre. La c\u00e9r\u00e9monie d\u2019ouverture s\u2019est tenue \u00e0 l\u2019H\u00f4tel Ivoire, \u00e0 Abidjan-Cocody.<\/strong><\/em><\/p>\n<p>Le ministre de la Transition Num\u00e9rique et de la Digitalisation, repr\u00e9sent\u00e9 par son directeur de cabinet Ekissi Narcisse, a salu\u00e9 l&#8217;organisation du premier atelier africain sur le Fonds de Service Universel des T\u00e9l\u00e9coms, tenu \u00e0 Abidjan sous l\u2019\u00e9gide du minist\u00e8re, de l\u2019ANSUT, de l\u2019Union africaine des t\u00e9l\u00e9communications et du GSMA. Il a soulign\u00e9 que l&#8217;acc\u00e8s universel aux t\u00e9l\u00e9communications est d\u00e9sormais une n\u00e9cessit\u00e9 pour relever divers d\u00e9fis et a rappel\u00e9 l\u2019engagement du Pr\u00e9sident Alassane Ouattara \u00e0 int\u00e9grer les technologies de l\u2019information au c\u0153ur d\u2019une transformation inclusive et durable.<\/p>\n<p>\u00ab  Cette vision repose sur un principe fondamental : garantir \u00e0 chaque citoyen, quelle que soit sa localisation ou sa condition sociale, un acc\u00e8s \u00e9quitable aux services num\u00e9riques essentiels. Dans cette perspective, notre pays s\u2019est engag\u00e9 dans l\u2019\u00e9laboration et la mise en \u0153uvre de plusieurs mesures strat\u00e9giques, notamment le renforcement des infrastructures num\u00e9riques et des capacit\u00e9s des communaut\u00e9s locales. Nous avons \u00e9galement mis en place un cadre juridique et r\u00e9glementaire dynamique, ainsi que la promotion de l&#8217;inclusion num\u00e9rique et de l\u2019innovation technologique. Ces mesures ont conduit \u00e0 des avanc\u00e9es significatives, notamment l\u2019\u00e9largissement de la couverture du r\u00e9seau mobile 4G, la promotion de mobile money dans les communes et les villes comme moyen d\u2019inclusion financi\u00e8re, ainsi que l&#8217;augmentation notable du taux de p\u00e9n\u00e9tration. Afin de renforcer et d\u2019amplifier ces r\u00e9sultats, le minist\u00e8re de la Transition num\u00e9rique et de la Digitalisation a lanc\u00e9 le programme national de connectivit\u00e9 rurale, qui s\u2019inscrit dans votre ambition d\u2019\u00e9tendre la connectivit\u00e9 \u00e0 l\u2019ensemble des r\u00e9gions de notre pays, en particulier les zones rurales \u00bb a-t-il pr\u00e9cis\u00e9 .<\/p>\n<p>Il a \u00e9voqu\u00e9 les difficult\u00e9s freinant l&#8217;acc\u00e8s universel aux t\u00e9l\u00e9communications, notamment la modernisation et le d\u00e9ploiement des infrastructures, les disparit\u00e9s d&#8217;acc\u00e8s entre les zones urbaines et rurales, ainsi que les d\u00e9fis li\u00e9s \u00e0 la cybers\u00e9curit\u00e9, qui demeurent des pr\u00e9occupations majeures. Il a soulign\u00e9 que ces enjeux n\u00e9cessitent des financements cons\u00e9quents et adapt\u00e9s, justifiant l\u2019importance de l\u2019organisation de cet atelier sur le Fonds de Service Universel des T\u00e9l\u00e9communications en Afrique.<\/p>\n<p>Il a insist\u00e9 sur le r\u00f4le essentiel du service universel pour r\u00e9duire la fracture num\u00e9rique et am\u00e9liorer les conditions de vie dans de nombreuses r\u00e9gions du continent. Il a \u00e9galement salu\u00e9 cette initiative qui r\u00e9unit d\u00e9cideurs politiques, experts, ainsi que partenaires techniques et financiers, afin de r\u00e9fl\u00e9chir aux r\u00e9sultats de l\u2019enqu\u00eate sur l\u2019efficacit\u00e9 des fonds de service universel en Afrique. Cet atelier, selon lui, permettra d&#8217;identifier des solutions pour combler le d\u00e9ficit de connectivit\u00e9, notamment dans les zones rurales et \u00e9loign\u00e9es, tout en partageant les bonnes pratiques et en \u00e9laborant des strat\u00e9gies innovantes.<\/p>\n<p>Il a conclu en affirmant que les r\u00e9sultats issus de cet atelier constitueront une base solide pour acc\u00e9l\u00e9rer la transformation num\u00e9rique en Afrique.<\/p>\n<p>\u00ab Je suis convaincu que les discussions qui se tiendront durant ces deux jours permettront d\u2019identifier des approches innovantes et adapt\u00e9es \u00e0 nos r\u00e9alit\u00e9s. Notre d\u00e9fi commun est de garantir que les conclusions de cet atelier serviront de base solide pour \u00e9laborer des politiques concr\u00e8tes qui acc\u00e9l\u00e9reront la transformation num\u00e9rique de notre continent \u00bb a-t-il conclu.<\/p>\n<p>L&#8217;atelier a enregistr\u00e9  150 personnes avec la participation de 18 pays dont le  B\u00e9nin, Burkina Faso, Cameroun, le Mali et autres. <\/p>\n<p><strong>Mamadou Ouattara avec G\u00e9rard Batoua <\/strong><\/p>\n","protected":false},"excerpt":{"rendered":"<p>Pr\u00e9vu pour les 28 et 29 novembre, l\u2019atelier du Service Universel des T\u00e9l\u00e9coms (SUTEL) a officiellement d\u00e9but\u00e9 le jeudi 28 novembre. La c\u00e9r\u00e9monie d\u2019ouverture s\u2019est tenue \u00e0 l\u2019H\u00f4tel Ivoire, \u00e0 Abidjan-Cocody. Le ministre de la Transition Num\u00e9rique et de la Digitalisation, repr\u00e9sent\u00e9 par son directeur de cabinet Ekissi Narcisse, a salu\u00e9 l&#8217;organisation du premier atelier [&hellip;]<\/p>\n","protected":false},"author":4,"featured_media":36087,"comment_status":"closed","ping_status":"closed","sticky":false,"template":"","format":"standard","meta":{"_monsterinsights_skip_tracking":false,"_monsterinsights_sitenote_active":false,"_monsterinsights_sitenote_note":"","_monsterinsights_sitenote_category":0,"footnotes":""},"categories":[2,18],"tags":[],"class_list":["post-36086","post","type-post","status-publish","format-standard","has-post-thumbnail","hentry","category-featured","category-economie"],"_links":{"self":[{"href":"https:\/\/www.lintelligentdabidjan.info\/news\/wp-json\/wp\/v2\/posts\/36086","targetHints":{"allow":["GET"]}}],"collection":[{"href":"https:\/\/www.lintelligentdabidjan.info\/news\/wp-json\/wp\/v2\/posts"}],"about":[{"href":"https:\/\/www.lintelligentdabidjan.info\/news\/wp-json\/wp\/v2\/types\/post"}],"author":[{"embeddable":true,"href":"https:\/\/www.lintelligentdabidjan.info\/news\/wp-json\/wp\/v2\/users\/4"}],"replies":[{"embeddable":true,"href":"https:\/\/www.lintelligentdabidjan.info\/news\/wp-json\/wp\/v2\/comments?post=36086"}],"version-history":[{"count":1,"href":"https:\/\/www.lintelligentdabidjan.info\/news\/wp-json\/wp\/v2\/posts\/36086\/revisions"}],"predecessor-version":[{"id":36088,"href":"https:\/\/www.lintelligentdabidjan.info\/news\/wp-json\/wp\/v2\/posts\/36086\/revisions\/36088"}],"wp:featuredmedia":[{"embeddable":true,"href":"https:\/\/www.lintelligentdabidjan.info\/news\/wp-json\/wp\/v2\/media\/36087"}],"wp:attachment":[{"href":"https:\/\/www.lintelligentdabidjan.info\/news\/wp-json\/wp\/v2\/media?parent=36086"}],"wp:term":[{"taxonomy":"category","embeddable":true,"href":"https:\/\/www.lintelligentdabidjan.info\/news\/wp-json\/wp\/v2\/categories?post=36086"},{"taxonomy":"post_tag","embeddable":true,"href":"https:\/\/www.lintelligentdabidjan.info\/news\/wp-json\/wp\/v2\/tags?post=36086"}],"curies":[{"name":"wp","href":"https:\/\/api.w.org\/{rel}","templated":true}]}}