{"id":36095,"date":"2024-12-04T05:29:05","date_gmt":"2024-12-04T04:29:05","guid":{"rendered":"https:\/\/www.lintelligentdabidjan.info\/news\/?p=36095"},"modified":"2024-12-04T05:29:18","modified_gmt":"2024-12-04T04:29:18","slug":"ailct-la-cote-divoire-et-la-lutte-contre-le-terrorisme","status":"publish","type":"post","link":"https:\/\/www.lintelligentdabidjan.info\/news\/ailct-la-cote-divoire-et-la-lutte-contre-le-terrorisme\/","title":{"rendered":"AILCT : la C\u00f4te d\u2019ivoire et la lutte contre le terrorisme"},"content":{"rendered":"<p><em><strong>Avec la prolif\u00e9ration du terrorisme islamiste, dans les pays de l\u2019AES, et pr\u00e8s de ses fronti\u00e8res, la C\u00f4te d\u2019Ivoire d\u00e9veloppe ses capacit\u00e9s de contre-terrorisme. En plus d\u2019avoir conclu un accord de d\u00e9fense avec les \u00c9tats-Unis, la C\u00f4te d\u2019Ivoire peut compter sur son Acad\u00e9mie Internationale de la Lutte Contre le Terrorisme.<\/strong><\/em><\/p>\n<p>Inaugur\u00e9e en 2021, \u00e0 Jacqueville (\u00e0 35km d\u2019Abidjan), l\u2019Acad\u00e9mie Internationale de la Lutte Contre le Terrorisme (AILCT) est rapidement devenue une r\u00e9f\u00e9rence. L\u2019AILCT se d\u00e9finit comme une \u00e9cole interminist\u00e9rielle des cadres, qui forme des sp\u00e9cialistes civils et militaires de la lutte contre le terrorisme en Afrique. L\u2019acad\u00e9mie tire son expertise de trois piliers :<\/p>\n<p>une \u00e9cole interminist\u00e9rielle d\u00e9di\u00e9e \u00e0 la formation des responsables et techniciens nationaux de la lutte contre le terrorisme (formation civile)<br \/>\nun centre d\u2019entra\u00eenement des forces sp\u00e9ciales et des unit\u00e9s d\u2019interventions sp\u00e9ciales (formation militaire)<br \/>\nun institut de recherche strat\u00e9gique (apporte r\u00e9flexion universitaire et scientifique permettant d\u2019accro\u00eetre les connaissances sur le terrorisme islamiste.).<br \/>\nCette approche interminist\u00e9rielle reliant les minist\u00e8re de la Justice, de l\u2019Int\u00e9rieur, de la D\u00e9fense et bient\u00f4t des Finances, permet aux stagiaires de prendre du recul et d\u2019avoir une vision globale.<\/p>\n<p><strong>La coop\u00e9ration pour appr\u00e9hender une menace globale<\/strong><\/p>\n<p>\u00c0 ce titre, gr\u00e2ce \u00e0 ses sp\u00e9cificit\u00e9s, l\u2019AILCT suscite l\u2019int\u00e9r\u00eat de nombreux pays dans le monde entier. \u00c0 commencer par la France qui a investi aux c\u00f4t\u00e9s du gouvernement ivoirien d\u00e8s l\u2019origine du projet en 2017. Aujourd\u2019hui, l\u2019acad\u00e9mie compte 17 partenaires parmi lesquels les \u00c9tats-Unis, le Canada, l\u2019Italie etc&#8230;Cette coop\u00e9ration grandissante permet la diffusion d\u2019un savoir-faire international. Les formations permettent une approche pluridisciplinaire offrant une approche globale pour appr\u00e9hender une menace terroriste islamiste qui n\u2019a pas de fronti\u00e8re. Ainsi, en 2022, 940 stagiaires provenant de 26 pays africains avaient \u00e9t\u00e9 form\u00e9s, par des experts ivoiriens, mais aussi fran\u00e7ais et d\u2019autres provenant des pays partenaires.<\/p>\n<p>\u00c0 cet \u00e9gard, Birahima Ouattara, ministre de la D\u00e9fense ivoirien, se f\u00e9licite du succ\u00e8s de l\u2019AILCT ; \u00ab  C\u2019est le deuxi\u00e8me conseil de l\u2019Acad\u00e9mie internationale de lutte contre le terrorisme. Cette acad\u00e9mie qui a \u00e9t\u00e9 la volont\u00e9 de deux pays que sont la France et la C\u00f4te d\u2019Ivoire, suscite un engouement. Comme vous avez pu le constater, de nombreux pays adh\u00e8rent \u00e0 cette acad\u00e9mie. L\u2019ann\u00e9e derni\u00e8re, nous \u00e9tions onze membres d\u2019organisation internationale. Cette ann\u00e9e, nous sommes 17 membres. Cela veut dire que l\u2019acad\u00e9mie suscite beaucoup d\u2019engouement \u00bb.<\/p>\n<p>Les profils des stagiaires form\u00e9es t\u00e9moignent \u00e9galement de la diversit\u00e9 qu\u2019offre cette acad\u00e9mie. En effet, les formations rassemblent indiff\u00e9remment ou par cat\u00e9gories tous les praticiens de la lutte contre le terrorisme, qu\u2019ils soient agents en unit\u00e9s d\u2019intervention, cadres ou hauts fonctionnaires. L\u2019AILCT accueille ainsi des participants de diff\u00e9rents statuts : militaires, policiers, gendarmes, magistrats, agents des administrations p\u00e9nitentiaires et prochainement des douaniers.<\/p>\n<p>Face \u00e0 une menace islamiste transnationale tentant de se disperser \u00e0 travers le contient africain, la C\u00f4te d\u2019Ivoire est dans l\u2019action. L\u2019Acad\u00e9mie internationale de lutte contre le terrorisme forme les acteurs africains de la lutte contre le terrorisme. Ces investissements, soutenus par de nombreux partenaires, montrent que la protection des Ivoiriens et des Africains reste au centre des enjeux politiques et s\u00e9curitaires internationaux.<\/p>\n<p><strong>Constantine<\/strong><\/p>\n","protected":false},"excerpt":{"rendered":"<p>Avec la prolif\u00e9ration du terrorisme islamiste, dans les pays de l\u2019AES, et pr\u00e8s de ses fronti\u00e8res, la C\u00f4te d\u2019Ivoire d\u00e9veloppe ses capacit\u00e9s de contre-terrorisme. En plus d\u2019avoir conclu un accord de d\u00e9fense avec les \u00c9tats-Unis, la C\u00f4te d\u2019Ivoire peut compter sur son Acad\u00e9mie Internationale de la Lutte Contre le Terrorisme. Inaugur\u00e9e en 2021, \u00e0 Jacqueville [&hellip;]<\/p>\n","protected":false},"author":4,"featured_media":36096,"comment_status":"closed","ping_status":"closed","sticky":false,"template":"","format":"standard","meta":{"_monsterinsights_skip_tracking":false,"_monsterinsights_sitenote_active":false,"_monsterinsights_sitenote_note":"","_monsterinsights_sitenote_category":0,"footnotes":""},"categories":[2,17],"tags":[],"class_list":["post-36095","post","type-post","status-publish","format-standard","has-post-thumbnail","hentry","category-featured","category-politique"],"_links":{"self":[{"href":"https:\/\/www.lintelligentdabidjan.info\/news\/wp-json\/wp\/v2\/posts\/36095","targetHints":{"allow":["GET"]}}],"collection":[{"href":"https:\/\/www.lintelligentdabidjan.info\/news\/wp-json\/wp\/v2\/posts"}],"about":[{"href":"https:\/\/www.lintelligentdabidjan.info\/news\/wp-json\/wp\/v2\/types\/post"}],"author":[{"embeddable":true,"href":"https:\/\/www.lintelligentdabidjan.info\/news\/wp-json\/wp\/v2\/users\/4"}],"replies":[{"embeddable":true,"href":"https:\/\/www.lintelligentdabidjan.info\/news\/wp-json\/wp\/v2\/comments?post=36095"}],"version-history":[{"count":1,"href":"https:\/\/www.lintelligentdabidjan.info\/news\/wp-json\/wp\/v2\/posts\/36095\/revisions"}],"predecessor-version":[{"id":36097,"href":"https:\/\/www.lintelligentdabidjan.info\/news\/wp-json\/wp\/v2\/posts\/36095\/revisions\/36097"}],"wp:featuredmedia":[{"embeddable":true,"href":"https:\/\/www.lintelligentdabidjan.info\/news\/wp-json\/wp\/v2\/media\/36096"}],"wp:attachment":[{"href":"https:\/\/www.lintelligentdabidjan.info\/news\/wp-json\/wp\/v2\/media?parent=36095"}],"wp:term":[{"taxonomy":"category","embeddable":true,"href":"https:\/\/www.lintelligentdabidjan.info\/news\/wp-json\/wp\/v2\/categories?post=36095"},{"taxonomy":"post_tag","embeddable":true,"href":"https:\/\/www.lintelligentdabidjan.info\/news\/wp-json\/wp\/v2\/tags?post=36095"}],"curies":[{"name":"wp","href":"https:\/\/api.w.org\/{rel}","templated":true}]}}