{"id":36098,"date":"2024-12-04T08:36:30","date_gmt":"2024-12-04T07:36:30","guid":{"rendered":"https:\/\/www.lintelligentdabidjan.info\/news\/?p=36098"},"modified":"2024-12-04T14:58:58","modified_gmt":"2024-12-04T13:58:58","slug":"sipen-uemoa-2024-le-gotic-honore-kalil-konate","status":"publish","type":"post","link":"https:\/\/www.lintelligentdabidjan.info\/news\/sipen-uemoa-2024-le-gotic-honore-kalil-konate\/","title":{"rendered":"Sipen-Uemoa 2024-  Le Gotic honore Kalil Konat\u00e9"},"content":{"rendered":"<p><em><strong>Ministre de la Transition Num\u00e9rique et de la Digitalisation, Kalil Konat\u00e9, a re\u00e7u un prix de reconnaissance des mains du Pr\u00e9sident du Groupement des Op\u00e9rateurs du secteur des technologies de l&#8217;Information et de la Communication (Gotic) le lundi 2 d\u00e9cembre 2024 \u00e0 Abidjan-Plateau, en son cabinet, entour\u00e9 de ses collaborateurs. Ce prix intervient \u00e0 la suite du Salon International des Professionnels de l&#8217;\u00c9conomie Num\u00e9rique (Sipen-Uemoa) tenu le 29 novembre dernier  \u00e0 l&#8217;h\u00f4tel Tiama au Plateau.<\/strong><\/em><\/p>\n<p>Le Ministre de la Transition Num\u00e9rique et de la Digitalisation a indiqu\u00e9 que ce prix est celui de son minist\u00e8re, du Directeur de Cabinet et de son \u00e9quipe pour leur acharnement \u00e0 travailler pour l&#8217;am\u00e9lioration du climat des affaires dans le secteur du num\u00e9rique. Il a fait entendre que son minist\u00e8re a l&#8217;intention d&#8217;accompagner les initiatives du secteur en mati\u00e8re de financement.<\/p>\n<p>\u00ab Le minist\u00e8re va accompagner ces initiatives, surtout que le financement du secteur priv\u00e9 est un d\u00e9fi majeur pour la souverainet\u00e9 num\u00e9rique dans l&#8217;espace Uemoa. Je voudrais vous f\u00e9liciter pour cette initiative importante, surtout que le salon traitait des th\u00e9matiques assez importantes qui sont abord\u00e9es dans le cadre de la loi sur la promotion des start-up num\u00e9riques, adopt\u00e9e le 23 novembre 2023 par l&#8217;\u00c9tat de C\u00f4te d&#8217;Ivoire. Pour la mise en place du fonds pour le comit\u00e9 mixte, il y a eu la signature symbolique d&#8217;une d\u00e9claration. Je vous encourage \u00e0 aller dans ce sens, \u00bb a lanc\u00e9 le Ministre.<\/p>\n<p>Laurent Gnon, Pr\u00e9sident du Groupement des Op\u00e9rateurs du secteur des technologies de l&#8217;Information et de la Communication (Gotic), a exprim\u00e9 sa gratitude au Ministre de la Transition et de la Digitalisation Num\u00e9rique pour son appui envers le secteur des op\u00e9rateurs des technologies de l&#8217;information et de la communication en C\u00f4te d&#8217;Ivoire. \u00ab Depuis votre arriv\u00e9e, nous avons toujours eu des \u00e9changes fructueux avec vous. Beaucoup de conseils de votre part en tant que sachant, mais aussi beaucoup d&#8217;engagements, \u00bb a-t-il soulign\u00e9.<\/p>\n<p>Pour le Sipen-Uemoa 2025, le Togo sera le pays organisateur.<\/p>\n<p><strong>Mamadou Ouattara avec C\u00e9cile Mobio<\/strong><\/p>\n","protected":false},"excerpt":{"rendered":"<p>Ministre de la Transition Num\u00e9rique et de la Digitalisation, Kalil Konat\u00e9, a re\u00e7u un prix de reconnaissance des mains du Pr\u00e9sident du Groupement des Op\u00e9rateurs du secteur des technologies de l&#8217;Information et de la Communication (Gotic) le lundi 2 d\u00e9cembre 2024 \u00e0 Abidjan-Plateau, en son cabinet, entour\u00e9 de ses collaborateurs. Ce prix intervient \u00e0 la [&hellip;]<\/p>\n","protected":false},"author":4,"featured_media":36111,"comment_status":"closed","ping_status":"closed","sticky":false,"template":"","format":"standard","meta":{"_monsterinsights_skip_tracking":false,"_monsterinsights_sitenote_active":false,"_monsterinsights_sitenote_note":"","_monsterinsights_sitenote_category":0,"footnotes":""},"categories":[2,18],"tags":[],"class_list":["post-36098","post","type-post","status-publish","format-standard","has-post-thumbnail","hentry","category-featured","category-economie"],"_links":{"self":[{"href":"https:\/\/www.lintelligentdabidjan.info\/news\/wp-json\/wp\/v2\/posts\/36098","targetHints":{"allow":["GET"]}}],"collection":[{"href":"https:\/\/www.lintelligentdabidjan.info\/news\/wp-json\/wp\/v2\/posts"}],"about":[{"href":"https:\/\/www.lintelligentdabidjan.info\/news\/wp-json\/wp\/v2\/types\/post"}],"author":[{"embeddable":true,"href":"https:\/\/www.lintelligentdabidjan.info\/news\/wp-json\/wp\/v2\/users\/4"}],"replies":[{"embeddable":true,"href":"https:\/\/www.lintelligentdabidjan.info\/news\/wp-json\/wp\/v2\/comments?post=36098"}],"version-history":[{"count":1,"href":"https:\/\/www.lintelligentdabidjan.info\/news\/wp-json\/wp\/v2\/posts\/36098\/revisions"}],"predecessor-version":[{"id":36100,"href":"https:\/\/www.lintelligentdabidjan.info\/news\/wp-json\/wp\/v2\/posts\/36098\/revisions\/36100"}],"wp:featuredmedia":[{"embeddable":true,"href":"https:\/\/www.lintelligentdabidjan.info\/news\/wp-json\/wp\/v2\/media\/36111"}],"wp:attachment":[{"href":"https:\/\/www.lintelligentdabidjan.info\/news\/wp-json\/wp\/v2\/media?parent=36098"}],"wp:term":[{"taxonomy":"category","embeddable":true,"href":"https:\/\/www.lintelligentdabidjan.info\/news\/wp-json\/wp\/v2\/categories?post=36098"},{"taxonomy":"post_tag","embeddable":true,"href":"https:\/\/www.lintelligentdabidjan.info\/news\/wp-json\/wp\/v2\/tags?post=36098"}],"curies":[{"name":"wp","href":"https:\/\/api.w.org\/{rel}","templated":true}]}}