{"id":36112,"date":"2024-12-05T05:39:27","date_gmt":"2024-12-05T04:39:27","guid":{"rendered":"https:\/\/www.lintelligentdabidjan.info\/news\/?p=36112"},"modified":"2024-12-05T05:39:31","modified_gmt":"2024-12-05T04:39:31","slug":"loi-de-finances-2025-441598-milliards-fcfa-pour-la-defense-a-lunanimite","status":"publish","type":"post","link":"https:\/\/www.lintelligentdabidjan.info\/news\/loi-de-finances-2025-441598-milliards-fcfa-pour-la-defense-a-lunanimite\/","title":{"rendered":"Loi de finances 2025-  441,598 milliards Fcfa pour la D\u00e9fense  \u00e0 l&#8217;unanimit\u00e9"},"content":{"rendered":"<p><em><strong>Le budget-programme 2025, pr\u00e9sent\u00e9 le mardi 3 d\u00e9cembre 2024 au S\u00e9nat par Ten\u00e9 Birahima Ouattara, ministre d&#8217;\u00c9tat et ministre de la D\u00e9fense, lors de l&#8217;examen de la loi des finances, a \u00e9t\u00e9 adopt\u00e9 \u00e0 l&#8217;unanimit\u00e9 par les membres de la Commission des affaires \u00e9conomiques et financi\u00e8res (CAEF) de cette chambre. Cette enveloppe budg\u00e9taire, fix\u00e9e \u00e0 441,598 milliards de FCFA, repr\u00e9sente une hausse de 10,06 % par rapport \u00e0 celle de l&#8217;exercice 2024, qui s&#8217;\u00e9levait \u00e0 398,635 milliards de FCFA.<\/strong><\/em><\/p>\n<p> Dans son expos\u00e9 des motifs, le ministre d&#8217;\u00c9tat a d\u00e9taill\u00e9 ce budget-programme. Qui est reparti en trois programmes, \u00e0 savoir, administration g\u00e9n\u00e9rale (143,220 milliards de FCFA soit 32,43%), d\u00e9fense (182, 889 milliards de FCFA soit 41,42% ) et s\u00e9curit\u00e9 (15,487 milliards de FCFA soit 26,15%).  Il  a signifi\u00e9 aux parlementaires,  que pour ce qui est des d\u00e9penses investissements particuli\u00e8rement, la dotation budg\u00e9taire de 36 milliards de FCFA est pass\u00e9e \u00e0 50 milliards de FCFA soit une hausse de 39%.<\/p>\n<p>Le ministre a expliqu\u00e9 aux parlementaires que ces efforts budg\u00e9taires visent \u00e0 renforcer les capacit\u00e9s op\u00e9rationnelles des forces arm\u00e9es, de la gendarmerie et des forces sp\u00e9ciales.<\/p>\n<p>\u00ab Le minist\u00e8re s&#8217;est r\u00e9solument engag\u00e9 \u00e0 \u0153uvrer pour doter la C\u00f4te d&#8217;Ivoire d&#8217;outil de d\u00e9fense suffisamment fort pour contrer toute menace face \u00e0 une situation s\u00e9curitaire en Afrique de l&#8217;ouest,  qui est  pr\u00e9occupante en raison de la mont\u00e9e  du terrorisme et de l&#8217;instabilit\u00e9 politique dans certains \u00c9tats frontaliers \u00bb, a-t-il confi\u00e9.<\/p>\n<p>Par ailleurs, il a soulign\u00e9 que la s\u00e9curisation optimale des op\u00e9rations \u00e9lectorales pr\u00e9vues en 2025 constitue un objectif majeur pour son minist\u00e8re, afin de garantir un climat s\u00e9curitaire apais\u00e9 et le bien-\u00eatre des populations.<\/p>\n<p>\u00c0 cet effet, le ministre d\u2019\u00c9tat a pr\u00e9sent\u00e9 plusieurs perspectives align\u00e9es sur les d\u00e9fis et priorit\u00e9s inscrits dans le Plan national de d\u00e9veloppement. Il s\u2019agit de l\u2019intensification de la lutte contre le terrorisme, du rajeunissement des effectifs gr\u00e2ce \u00e0 de nouveaux recrutements, de la poursuite de l\u2019am\u00e9lioration des conditions de travail et de vie des militaires et des gendarmes, de la s\u00e9curisation du patrimoine foncier des sites d\u00e9di\u00e9s \u00e0 la d\u00e9fense, ainsi que de l\u2019accroissement des m\u00e9canismes de riposte contre le grand banditisme et les menaces s\u00e9curitaires int\u00e9rieures.<\/p>\n<p> Ten\u00e9 Birahima Ouattara a pr\u00e9cis\u00e9 que ces actions visent, in fine, \u00e0 pr\u00e9server la paix et la s\u00e9curit\u00e9 dans le pays, permettant ainsi au gouvernement de poursuivre ses projets de d\u00e9veloppement socio\u00e9conomique.<\/p>\n<p><strong>Harry Diallo \u00e0 Yamoussoukro <\/strong><\/p>\n","protected":false},"excerpt":{"rendered":"<p>Le budget-programme 2025, pr\u00e9sent\u00e9 le mardi 3 d\u00e9cembre 2024 au S\u00e9nat par Ten\u00e9 Birahima Ouattara, ministre d&#8217;\u00c9tat et ministre de la D\u00e9fense, lors de l&#8217;examen de la loi des finances, a \u00e9t\u00e9 adopt\u00e9 \u00e0 l&#8217;unanimit\u00e9 par les membres de la Commission des affaires \u00e9conomiques et financi\u00e8res (CAEF) de cette chambre. Cette enveloppe budg\u00e9taire, fix\u00e9e \u00e0 [&hellip;]<\/p>\n","protected":false},"author":4,"featured_media":36113,"comment_status":"closed","ping_status":"closed","sticky":false,"template":"","format":"standard","meta":{"_monsterinsights_skip_tracking":false,"_monsterinsights_sitenote_active":false,"_monsterinsights_sitenote_note":"","_monsterinsights_sitenote_category":0,"footnotes":""},"categories":[2,18,17],"tags":[4389,4390],"class_list":["post-36112","post","type-post","status-publish","format-standard","has-post-thumbnail","hentry","category-featured","category-economie","category-politique","tag-ministre-detat","tag-ministre-de-la-defense"],"_links":{"self":[{"href":"https:\/\/www.lintelligentdabidjan.info\/news\/wp-json\/wp\/v2\/posts\/36112","targetHints":{"allow":["GET"]}}],"collection":[{"href":"https:\/\/www.lintelligentdabidjan.info\/news\/wp-json\/wp\/v2\/posts"}],"about":[{"href":"https:\/\/www.lintelligentdabidjan.info\/news\/wp-json\/wp\/v2\/types\/post"}],"author":[{"embeddable":true,"href":"https:\/\/www.lintelligentdabidjan.info\/news\/wp-json\/wp\/v2\/users\/4"}],"replies":[{"embeddable":true,"href":"https:\/\/www.lintelligentdabidjan.info\/news\/wp-json\/wp\/v2\/comments?post=36112"}],"version-history":[{"count":1,"href":"https:\/\/www.lintelligentdabidjan.info\/news\/wp-json\/wp\/v2\/posts\/36112\/revisions"}],"predecessor-version":[{"id":36114,"href":"https:\/\/www.lintelligentdabidjan.info\/news\/wp-json\/wp\/v2\/posts\/36112\/revisions\/36114"}],"wp:featuredmedia":[{"embeddable":true,"href":"https:\/\/www.lintelligentdabidjan.info\/news\/wp-json\/wp\/v2\/media\/36113"}],"wp:attachment":[{"href":"https:\/\/www.lintelligentdabidjan.info\/news\/wp-json\/wp\/v2\/media?parent=36112"}],"wp:term":[{"taxonomy":"category","embeddable":true,"href":"https:\/\/www.lintelligentdabidjan.info\/news\/wp-json\/wp\/v2\/categories?post=36112"},{"taxonomy":"post_tag","embeddable":true,"href":"https:\/\/www.lintelligentdabidjan.info\/news\/wp-json\/wp\/v2\/tags?post=36112"}],"curies":[{"name":"wp","href":"https:\/\/api.w.org\/{rel}","templated":true}]}}