{"id":36133,"date":"2024-12-06T02:28:51","date_gmt":"2024-12-06T01:28:51","guid":{"rendered":"https:\/\/www.lintelligentdabidjan.info\/news\/?p=36133"},"modified":"2024-12-06T02:28:55","modified_gmt":"2024-12-06T01:28:55","slug":"lutte-contre-les-vbg-et-les-droits-des-femmes-deux-jours-dactivisme-pour-promouvoir-la-gent-feminine","status":"publish","type":"post","link":"https:\/\/www.lintelligentdabidjan.info\/news\/lutte-contre-les-vbg-et-les-droits-des-femmes-deux-jours-dactivisme-pour-promouvoir-la-gent-feminine\/","title":{"rendered":"Lutte contre les VBG et les droits des femmes-Deux  jours d&#8217;activisme pour promouvoir la gent f\u00e9minine"},"content":{"rendered":"<p><em><strong>Dans le cadre des 16 jours d&#8217;activisme contre les violences bas\u00e9es sur le genre (VBG), l&#8217;association Actives en partenariat avec la R\u00e9gie Pulaarku  organise, le vendredi 06 d\u00e9cembre 2024, un programme de sensibilisation pour l&#8217;\u00e9dition 2024 plac\u00e9e sous le th\u00e8me : \u00ab La responsabilit\u00e9 individuelle et collective dans la lutte contre les VBG, strat\u00e9gies et challenges : cas de la C\u00f4te d\u2019Ivoire \u00bb.<\/strong><\/em><\/p>\n<p>  Ce programme a pour principal objectif de sensibiliser et mobiliser le public autour de la lutte contre les VBG, avec la participation de l&#8217;auteure internationale engag\u00e9e Djaili Amal Amadou. Au menu, il y aura  une conf\u00e9rence th\u00e9matique \u00e0 l\u2019Ambassade des \u00c9tats-Unis, le matin et dans la soir\u00e9e, un caf\u00e9 litt\u00e9raire autour de la r\u00e9silience des femmes par la litt\u00e9rature dans un h\u00f4tel  \u00e0 Angr\u00e9.  Dja\u00efli Amadou Amal n\u00e9e en 1975 \u00e0 Maroua (Cameroun), est une autrice engag\u00e9e d&#8217;expression fran\u00e7aise. Apr\u00e8s des mariages forc\u00e9s et violents, elle trouve refuge dans l\u2019\u00e9criture pour d\u00e9noncer les discriminations subies par les femmes. Aujourd\u2019hui, elle est une figure incontournable de la litt\u00e9rature africaine contemporaine. Son \u0153uvre, centr\u00e9e sur les d\u00e9fis de la condition f\u00e9minine dans le Sahel, s&#8217;est impos\u00e9e gr\u00e2ce \u00e0 des romans marquants et traduits en plusieurs langues : Walaande, l\u2019art de partager un mari (2010) : Inspir\u00e9 de son v\u00e9cu, ce roman explore la polygamie \u00e0 travers l\u2019histoire de quatre femmes partageant un m\u00eame \u00e9poux. Il re\u00e7oit le prix du jury de la Fondation Prince Claus et est traduit en arabe.<\/p>\n<p>D\u00e9j\u00e0, le jeudi 05 d\u00e9cembre 2024, au lyc\u00e9e Djedji Amondji Pierre, il y a eu une   sensibilisation des \u00e9l\u00e8ves et \u00e9tudiants sur les VBG pour les   encourager  \u00e0 s\u2019impliquer   dans la lutte pour les droits des femmes par les lettres, les arts et les m\u00e9dias.<\/p>\n<p><strong>Mamadou Ouattara<\/strong><\/p>\n","protected":false},"excerpt":{"rendered":"<p>Dans le cadre des 16 jours d&#8217;activisme contre les violences bas\u00e9es sur le genre (VBG), l&#8217;association Actives en partenariat avec la R\u00e9gie Pulaarku organise, le vendredi 06 d\u00e9cembre 2024, un programme de sensibilisation pour l&#8217;\u00e9dition 2024 plac\u00e9e sous le th\u00e8me : \u00ab La responsabilit\u00e9 individuelle et collective dans la lutte contre les VBG, strat\u00e9gies et [&hellip;]<\/p>\n","protected":false},"author":4,"featured_media":36134,"comment_status":"closed","ping_status":"closed","sticky":false,"template":"","format":"standard","meta":{"_monsterinsights_skip_tracking":false,"_monsterinsights_sitenote_active":false,"_monsterinsights_sitenote_note":"","_monsterinsights_sitenote_category":0,"footnotes":""},"categories":[2,3],"tags":[4393,2658,4370],"class_list":["post-36133","post","type-post","status-publish","format-standard","has-post-thumbnail","hentry","category-featured","category-societe","tag-feminine","tag-lutte","tag-vbg"],"_links":{"self":[{"href":"https:\/\/www.lintelligentdabidjan.info\/news\/wp-json\/wp\/v2\/posts\/36133","targetHints":{"allow":["GET"]}}],"collection":[{"href":"https:\/\/www.lintelligentdabidjan.info\/news\/wp-json\/wp\/v2\/posts"}],"about":[{"href":"https:\/\/www.lintelligentdabidjan.info\/news\/wp-json\/wp\/v2\/types\/post"}],"author":[{"embeddable":true,"href":"https:\/\/www.lintelligentdabidjan.info\/news\/wp-json\/wp\/v2\/users\/4"}],"replies":[{"embeddable":true,"href":"https:\/\/www.lintelligentdabidjan.info\/news\/wp-json\/wp\/v2\/comments?post=36133"}],"version-history":[{"count":1,"href":"https:\/\/www.lintelligentdabidjan.info\/news\/wp-json\/wp\/v2\/posts\/36133\/revisions"}],"predecessor-version":[{"id":36135,"href":"https:\/\/www.lintelligentdabidjan.info\/news\/wp-json\/wp\/v2\/posts\/36133\/revisions\/36135"}],"wp:featuredmedia":[{"embeddable":true,"href":"https:\/\/www.lintelligentdabidjan.info\/news\/wp-json\/wp\/v2\/media\/36134"}],"wp:attachment":[{"href":"https:\/\/www.lintelligentdabidjan.info\/news\/wp-json\/wp\/v2\/media?parent=36133"}],"wp:term":[{"taxonomy":"category","embeddable":true,"href":"https:\/\/www.lintelligentdabidjan.info\/news\/wp-json\/wp\/v2\/categories?post=36133"},{"taxonomy":"post_tag","embeddable":true,"href":"https:\/\/www.lintelligentdabidjan.info\/news\/wp-json\/wp\/v2\/tags?post=36133"}],"curies":[{"name":"wp","href":"https:\/\/api.w.org\/{rel}","templated":true}]}}