{"id":36139,"date":"2024-12-06T02:36:42","date_gmt":"2024-12-06T01:36:42","guid":{"rendered":"https:\/\/www.lintelligentdabidjan.info\/news\/?p=36139"},"modified":"2024-12-06T02:36:53","modified_gmt":"2024-12-06T01:36:53","slug":"kamin-celestin-aux-populations-de-sinfra-la-maison-darret-et-de-correction-nest-pas-construite-contre-vous","status":"publish","type":"post","link":"https:\/\/www.lintelligentdabidjan.info\/news\/kamin-celestin-aux-populations-de-sinfra-la-maison-darret-et-de-correction-nest-pas-construite-contre-vous\/","title":{"rendered":"Kamin C\u00e9lestin aux populations de Sinfra : \u00ab La Maison d\u2019Arr\u00eat et de Correction n\u2019est pas construite contre vous\u2026 \u00bb"},"content":{"rendered":"<p><em><strong>\u00ab Cet \u00e9tablissement n\u2019est pas construit contre vous, mais pour vous. Il est un outil destin\u00e9 \u00e0 renforcer la coh\u00e9sion sociale et \u00e0 garantir la r\u00e9habilitation des d\u00e9tenus \u00bb, a d\u00e9clar\u00e9 Kamin C\u00e9lestin, directeur de l\u2019administration p\u00e9nitentiaire, lors de l\u2019inauguration officielle de la Maison d\u2019Arr\u00eat et de Correction (MACS) de Sinfra, le mercredi 4 d\u00e9cembre 2024.<\/strong><\/em><\/p>\n<p>Prenant la parole au nom du Garde des Sceaux, ministre de la Justice et des Droits de l\u2019Homme, Kamin C\u00e9lestin a expliqu\u00e9 que cette infrastructure vise \u00e0 garantir le respect des droits humains tout en offrant aux d\u00e9tenus une chance r\u00e9elle de r\u00e9int\u00e9grer la soci\u00e9t\u00e9.<\/p>\n<p>\u00ab La mission de la Maison d\u2019Arr\u00eat et de Correction de Sinfra va bien au-del\u00e0 de la simple ex\u00e9cution des peines \u00bb, a-t-il affirm\u00e9, en insistant sur l\u2019objectif de l\u2019\u00e9tablissement : offrir aux d\u00e9tenus des opportunit\u00e9s de r\u00e9habilitation gr\u00e2ce \u00e0 des formations, ainsi qu\u2019\u00e0 des activit\u00e9s \u00e9ducatives et professionnelles.<\/p>\n<p>Jusqu\u2019\u00e0 pr\u00e9sent, les d\u00e9tenus de Sinfra \u00e9taient transf\u00e9r\u00e9s \u00e0 Bouafl\u00e9, compliquant le maintien des liens familiaux, essentiels pour une r\u00e9insertion r\u00e9ussie.<\/p>\n<p>Cette nouvelle infrastructure permet d\u00e9sormais de rapprocher les d\u00e9tenus de leurs proches, un facteur d\u00e9terminant pour leur r\u00e9int\u00e9gration future.<\/p>\n<p>\u00ab Ce n\u2019est pas un lieu de rejet, mais un espace con\u00e7u pour r\u00e9tablir les individus dans leur dignit\u00e9 et leur permettre de retrouver leur place dans la communaut\u00e9 \u00bb, a-t-il ajout\u00e9, invitant les populations de Sinfra \u00e0 soutenir cet effort gouvernemental.<\/p>\n<p> S\u2019adressant \u00e9galement aux agents p\u00e9nitentiaires, Kamin C\u00e9lestin a rappel\u00e9 leur r\u00f4le central dans le bon fonctionnement de l\u2019\u00e9tablissement. \u00ab Vous \u00eates les piliers de ce projet. Gr\u00e2ce \u00e0 votre engagement, cet \u00e9tablissement peut devenir un mod\u00e8le de justice humaine et efficace \u00bb, a-t-il soulign\u00e9, les exhortant \u00e0 veiller au maintien de l\u2019ordre, \u00e0 l\u2019accompagnement des d\u00e9tenus et \u00e0 la mise en \u0153uvre des programmes de r\u00e9habilitation.<\/p>\n<p>La MACS de Sinfra se distingue par ses infrastructures modernes, con\u00e7ues pour respecter les droits humains. Elle dispose d\u2019espaces d\u00e9di\u00e9s \u00e0 la formation professionnelle, aux activit\u00e9s sportives et culturelles, ainsi qu\u2019\u00e0 l\u2019\u00e9ducation.<\/p>\n<p>\u00ab L\u2019objectif est de transformer ces lieux en espaces de r\u00e9habilitation, o\u00f9 chaque d\u00e9tenu peut recevoir une seconde chance et se pr\u00e9parer \u00e0 une vie productive au sein de la soci\u00e9t\u00e9 \u00bb, a pr\u00e9cis\u00e9 Kamin C\u00e9lestin.<\/p>\n<p>L\u2019inauguration a \u00e9galement \u00e9t\u00e9 marqu\u00e9e par la remise d\u2019un lot de mat\u00e9riel offert par le Conseil National de S\u00e9curit\u00e9 (CNS). Ce don comprend des gilets, des torches de longue port\u00e9e, des menottes, des cadenas, un appareil photo, ainsi qu\u2019un v\u00e9hicule de liaison, entre autres \u00e9quipements essentiels au bon fonctionnement de l\u2019\u00e9tablissement.<\/p>\n<p> <strong>Beker Yao<\/strong><\/p>\n","protected":false},"excerpt":{"rendered":"<p>\u00ab Cet \u00e9tablissement n\u2019est pas construit contre vous, mais pour vous. Il est un outil destin\u00e9 \u00e0 renforcer la coh\u00e9sion sociale et \u00e0 garantir la r\u00e9habilitation des d\u00e9tenus \u00bb, a d\u00e9clar\u00e9 Kamin C\u00e9lestin, directeur de l\u2019administration p\u00e9nitentiaire, lors de l\u2019inauguration officielle de la Maison d\u2019Arr\u00eat et de Correction (MACS) de Sinfra, le mercredi 4 d\u00e9cembre [&hellip;]<\/p>\n","protected":false},"author":4,"featured_media":36140,"comment_status":"closed","ping_status":"closed","sticky":false,"template":"","format":"standard","meta":{"_monsterinsights_skip_tracking":false,"_monsterinsights_sitenote_active":false,"_monsterinsights_sitenote_note":"","_monsterinsights_sitenote_category":0,"footnotes":""},"categories":[2,3],"tags":[4394,4395,1512,1497],"class_list":["post-36139","post","type-post","status-publish","format-standard","has-post-thumbnail","hentry","category-featured","category-societe","tag-kamin-celestin","tag-la-maison-darret-et-de-correction","tag-populations","tag-sinfra"],"_links":{"self":[{"href":"https:\/\/www.lintelligentdabidjan.info\/news\/wp-json\/wp\/v2\/posts\/36139","targetHints":{"allow":["GET"]}}],"collection":[{"href":"https:\/\/www.lintelligentdabidjan.info\/news\/wp-json\/wp\/v2\/posts"}],"about":[{"href":"https:\/\/www.lintelligentdabidjan.info\/news\/wp-json\/wp\/v2\/types\/post"}],"author":[{"embeddable":true,"href":"https:\/\/www.lintelligentdabidjan.info\/news\/wp-json\/wp\/v2\/users\/4"}],"replies":[{"embeddable":true,"href":"https:\/\/www.lintelligentdabidjan.info\/news\/wp-json\/wp\/v2\/comments?post=36139"}],"version-history":[{"count":1,"href":"https:\/\/www.lintelligentdabidjan.info\/news\/wp-json\/wp\/v2\/posts\/36139\/revisions"}],"predecessor-version":[{"id":36141,"href":"https:\/\/www.lintelligentdabidjan.info\/news\/wp-json\/wp\/v2\/posts\/36139\/revisions\/36141"}],"wp:featuredmedia":[{"embeddable":true,"href":"https:\/\/www.lintelligentdabidjan.info\/news\/wp-json\/wp\/v2\/media\/36140"}],"wp:attachment":[{"href":"https:\/\/www.lintelligentdabidjan.info\/news\/wp-json\/wp\/v2\/media?parent=36139"}],"wp:term":[{"taxonomy":"category","embeddable":true,"href":"https:\/\/www.lintelligentdabidjan.info\/news\/wp-json\/wp\/v2\/categories?post=36139"},{"taxonomy":"post_tag","embeddable":true,"href":"https:\/\/www.lintelligentdabidjan.info\/news\/wp-json\/wp\/v2\/tags?post=36139"}],"curies":[{"name":"wp","href":"https:\/\/api.w.org\/{rel}","templated":true}]}}