{"id":36143,"date":"2024-12-06T19:22:59","date_gmt":"2024-12-06T18:22:59","guid":{"rendered":"https:\/\/www.lintelligentdabidjan.info\/news\/?p=36143"},"modified":"2024-12-09T22:59:57","modified_gmt":"2024-12-09T21:59:57","slug":"accident-tragique-a-brokoua-26-morts-et-de-nombreux-blesses","status":"publish","type":"post","link":"https:\/\/www.lintelligentdabidjan.info\/news\/accident-tragique-a-brokoua-26-morts-et-de-nombreux-blesses\/","title":{"rendered":"Accident tragique \u00e0 Brokoua : 26  morts et  de nombreux bless\u00e9s"},"content":{"rendered":"<p><em><strong>Le vendredi 6 d\u00e9cembre 2024, aux environs de midi, un grave accident s\u2019est produit dans le village de Brokoua, sur l\u2019axe Issia-Daloa, actuellement en travaux.<\/strong><\/em><\/p>\n<p>Deux v\u00e9hicules de transport en commun, un Massa en provenance de S\u00e9gu\u00e9la et un Vario venant de Gagnoa, sont entr\u00e9s en collision frontale.<\/p>\n<p>Le choc, d\u2019une extr\u00eame violence, a provoqu\u00e9 un incendie imm\u00e9diat, pi\u00e9geant plusieurs passagers \u00e0 l\u2019int\u00e9rieur des v\u00e9hicules.<\/p>\n<p>Gr\u00e2ce \u00e0 la mobilisation des habitants, certains passagers ont pu \u00eatre extraits des flammes.<\/p>\n<p> Cependant, 26 personnes ont malheureusement perdu la vie, dont 10 corps calcin\u00e9s, et 28  autres ont \u00e9t\u00e9 gri\u00e8vement bless\u00e9es selon un communiqu\u00e9 du minist\u00e8re des Transports. <\/p>\n<p>Dans un communiqu\u00e9  , le Ministre des Transports a exprim\u00e9  les sinc\u00e8res condol\u00e9ances du Gouvernement aux familles des v\u00edctimes d\u00e9c\u00e9d\u00e9es et souhait\u00e9 un prompt r\u00e9tablissement aux bless\u00e9s.<\/p>\n<p> Il a d\u00e9p\u00each\u00e9 sur les lieux le m\u00eame jour  , le Directeur R\u00e9gional des Transports en charge des circonscriptions administratives de Daloa et d&#8217;Issia, en vue de recueillir les premi\u00e8res informations relatives \u00e0 cette trag\u00e9die.<\/p>\n<p>Il a \u00e9galement instruit les services du Bureau Enqu\u00eate Analyse Accident (BEA), \u00e0 diligenter une enqu\u00eate administrative et technique pour faire toute la lumi\u00e8re sur les circonstances de cet accident au lourd bilan humain et mat\u00e9riel.<\/p>\n<p>D\u00e8s la survenue de l&#8217;accident, le pr\u00e9fet du d\u00e9partement d\u2019Issia s\u2019est rendu sur les lieux pour constater les d\u00e9g\u00e2ts et r\u00e9conforter les populations endeuill\u00e9es. Il a promis de prendre des mesures concr\u00e8tes pour am\u00e9liorer la s\u00e9curit\u00e9 sur cette route encore en r\u00e9habilitation.<\/p>\n<p>Le chef du village de Brokoua, Gbomen\u00e9 Oro Raymond, a saisi cette occasion pour plaider aupr\u00e8s des autorit\u00e9s comp\u00e9tentes en faveur de l\u2019installation de dos-d\u2019\u00e2ne sur cet axe routier. Selon lui, ces infrastructures contribueraient \u00e0 limiter les exc\u00e8s de vitesse et \u00e0 r\u00e9duire les risques d\u2019accidents.<\/p>\n<p> <strong>Beker Yao<\/strong><\/p>\n","protected":false},"excerpt":{"rendered":"<p>Le vendredi 6 d\u00e9cembre 2024, aux environs de midi, un grave accident s\u2019est produit dans le village de Brokoua, sur l\u2019axe Issia-Daloa, actuellement en travaux. Deux v\u00e9hicules de transport en commun, un Massa en provenance de S\u00e9gu\u00e9la et un Vario venant de Gagnoa, sont entr\u00e9s en collision frontale. Le choc, d\u2019une extr\u00eame violence, a provoqu\u00e9 [&hellip;]<\/p>\n","protected":false},"author":4,"featured_media":36144,"comment_status":"closed","ping_status":"closed","sticky":false,"template":"","format":"standard","meta":{"_monsterinsights_skip_tracking":false,"_monsterinsights_sitenote_active":false,"_monsterinsights_sitenote_note":"","_monsterinsights_sitenote_category":0,"footnotes":""},"categories":[2,3],"tags":[4396,4399,4397,4398],"class_list":["post-36143","post","type-post","status-publish","format-standard","has-post-thumbnail","hentry","category-featured","category-societe","tag-accident-tragique","tag-blesses","tag-brokoua","tag-morts"],"_links":{"self":[{"href":"https:\/\/www.lintelligentdabidjan.info\/news\/wp-json\/wp\/v2\/posts\/36143","targetHints":{"allow":["GET"]}}],"collection":[{"href":"https:\/\/www.lintelligentdabidjan.info\/news\/wp-json\/wp\/v2\/posts"}],"about":[{"href":"https:\/\/www.lintelligentdabidjan.info\/news\/wp-json\/wp\/v2\/types\/post"}],"author":[{"embeddable":true,"href":"https:\/\/www.lintelligentdabidjan.info\/news\/wp-json\/wp\/v2\/users\/4"}],"replies":[{"embeddable":true,"href":"https:\/\/www.lintelligentdabidjan.info\/news\/wp-json\/wp\/v2\/comments?post=36143"}],"version-history":[{"count":3,"href":"https:\/\/www.lintelligentdabidjan.info\/news\/wp-json\/wp\/v2\/posts\/36143\/revisions"}],"predecessor-version":[{"id":36169,"href":"https:\/\/www.lintelligentdabidjan.info\/news\/wp-json\/wp\/v2\/posts\/36143\/revisions\/36169"}],"wp:featuredmedia":[{"embeddable":true,"href":"https:\/\/www.lintelligentdabidjan.info\/news\/wp-json\/wp\/v2\/media\/36144"}],"wp:attachment":[{"href":"https:\/\/www.lintelligentdabidjan.info\/news\/wp-json\/wp\/v2\/media?parent=36143"}],"wp:term":[{"taxonomy":"category","embeddable":true,"href":"https:\/\/www.lintelligentdabidjan.info\/news\/wp-json\/wp\/v2\/categories?post=36143"},{"taxonomy":"post_tag","embeddable":true,"href":"https:\/\/www.lintelligentdabidjan.info\/news\/wp-json\/wp\/v2\/tags?post=36143"}],"curies":[{"name":"wp","href":"https:\/\/api.w.org\/{rel}","templated":true}]}}